{"id":62578,"date":"2025-11-16T11:00:00","date_gmt":"2025-11-16T11:00:00","guid":{"rendered":"https:\/\/www.farnost-strazske.sk\/?p=62578"},"modified":"2025-11-16T12:03:21","modified_gmt":"2025-11-16T12:03:21","slug":"cely-jezis","status":"publish","type":"post","link":"https:\/\/www.farnost-strazske.sk\/?p=62578","title":{"rendered":"Cel\u00fd Je\u017ei\u0161"},"content":{"rendered":"\n<p id=\"wnd_TextBlock_59191763195989680682_inner_0\" style=\"font-size:17px\">De\u0148 strieda noc a naopak, na to sme si u\u017e zvykli. Aj \u017ee nie v\u0161etky dni s\u00fa pln\u00e9 svetla, radosti a n\u00e1deje. Aj boles\u0165 b\u00fdva a trag\u00e9die sa st\u00e1vaj\u00fa &#8211; vn\u00fatorn\u00e9 i vonkaj\u0161ie. S t\u00fdm sme akosi vysporiadan\u00ed. Prinajmen\u0161om rozumieme, \u017ee \u017eivot je bohat\u00fd na dobr\u00e9 a zl\u00e9 dni. Ka\u017ed\u00fd \u017eivot.<\/p>\n\n\n\n<p id=\"wnd_TextBlock_59191763195989680682_inner_1\" style=\"font-size:17px\">Zvl\u00e1\u0161tne je, \u017ee ke\u010f sa pozrieme na Je\u017ei\u0161a, zab\u00fadame, \u017ee aj jeho re\u010di tak\u00e9 s\u00fa. Nie je to v\u017edy iba pastier, ktor\u00fd n\u00e1jde straten\u00fa ove\u010dku a milosrdn\u00fd otec, ktor\u00fd si privinie trucovit\u00e9ho syna. Ale aj peklo. A dni s\u00fadu. Aj varovanie pred zlodejom du\u0161\u00ed, pripom\u00ednanie nebezpe\u010denstva egoizmu a p\u00fdchy, \u010di opatrnos\u0165 na ceste, ktor\u00e1 m\u00f4\u017ee vies\u0165 nielen do neba, ale aj do z\u00e1huby.<\/p>\n\n\n\n<p id=\"wnd_TextBlock_59191763195989680682_inner_2\" style=\"font-size:17px\">Je\u017ei\u0161 nie je iba sladu\u010dk\u00fd a milu\u010dk\u00fd, je aj tvrd\u00fd a nekompromisn\u00fd pokia\u013e ide o t\u00fdch, ktor\u00ed v neho nechc\u00fa uveri\u0165. Hovor\u00ed v\u017edy pravdu a ob\u010das ju hovor\u00ed aj tak, \u017ee z toho ide mr\u00e1z po chrbte.<\/p>\n\n\n\n<p id=\"wnd_TextBlock_59191763195989680682_inner_3\" style=\"font-size:17px\">&#8222;Bud\u00fa zemetrasenia, hlad a mor!&#8220;<\/p>\n\n\n\n<p id=\"wnd_TextBlock_59191763195989680682_inner_4\" style=\"font-size:17px\">&#8222;Bud\u00fa v\u00e1s prenasledova\u0165 pre moje meno!&#8220;<\/p>\n\n\n\n<p id=\"wnd_TextBlock_59191763195989680682_inner_5\" style=\"font-size:17px\">&#8222;Bud\u00fa v\u00e1s zr\u00e1dza\u0165 rodi\u010dia, bratia a niektor\u00fdch z v\u00e1s pripravia o \u017eivot!&#8220;<\/p>\n\n\n\n<p id=\"wnd_TextBlock_59191763195989680682_inner_6\" style=\"font-size:17px\">&#8222;Bud\u00fa v\u00e1s nen\u00e1vidie\u0165 pre moje meno!&#8220;<\/p>\n\n\n\n<p id=\"wnd_TextBlock_59191763195989680682_inner_7\" style=\"font-size:17px\">Je\u017ei\u0161 hovor\u00ed priamo aj o tie\u0148och, nielen o svetle.<\/p>\n\n\n<div class=\"wp-block-image\">\n<figure class=\"aligncenter is-resized\"><img decoding=\"async\" src=\"https:\/\/96e19d8f6d.clvaw-cdnwnd.com\/56958a3ff2fd5fdcdbd797b978b04dd5\/200002028-0d9540d956\/_VS92285-6.jpeg?ph=96e19d8f6d\" alt=\"\" style=\"width:549px;height:auto\"\/><\/figure>\n<\/div>\n\n\n<p id=\"wnd_TextBlock_59191763195989680682_inner_8\" style=\"font-size:17px\">Ob\u010das ke\u010f po\u010d\u00favam politikov, novin\u00e1rov alebo r\u00f4znych aktivistov, ktor\u00ed ber\u00fa meno Je\u017ei\u0161 do \u00fast, aby obhajovali svoju pravdu alebo postoje, zd\u00e1 sa mi, \u017ee Je\u017ei\u0161a v\u00f4bec nepoznaj\u00fa. Pochybujem, \u017ee niekedy \u010d\u00edtali evanjeli\u00e1 ako pravdiv\u00fa zves\u0165, nieto e\u0161te katechizmus, aby rozumeli, \u010do Cirkev u\u010d\u00ed. Alebo jednoduch\u0161ie povedan\u00e9: ber\u00fa si z Je\u017ei\u0161a iba to svetlo, iba tie milu\u010dk\u00e9 re\u010di, ako keby Je\u017ei\u0161 bol b\u00e1snik, ktor\u00fd ospevoval iba kr\u00e1su, lebo \u0161pinu nikde a na nikom nikdy nevidel.<\/p>\n\n\n\n<p id=\"wnd_TextBlock_59191763195989680682_inner_9\" style=\"font-size:17px\">D\u00e1 sa ospevova\u0165 aj tak\u00fd Je\u017ei\u0161, ktor\u00fd nikdy neexistoval? Samozrejme, \u017ee sa d\u00e1. Ke\u010f si z neho vezmem iba \u010das\u0165, vymyslen\u00fa a zv\u00e4\u010d\u0161a zneu\u017eit\u00fa pre ciele, ktor\u00e9 by on s\u00e1m nikdy neobhajoval. A \u013eudia tak robia \u010dasto, zakr\u00fdvaj\u00fa Je\u017ei\u0161om &#8211; svetlom &#8211; \u0161pinu, ktor\u00fa by on kr\u00e1sou nikdy nenazval.<\/p>\n\n\n\n<p id=\"wnd_TextBlock_59191763195989680682_inner_10\" style=\"font-size:17px\">Potrebujem cel\u00e9ho Je\u017ei\u0161a!<\/p>\n\n\n\n<p id=\"wnd_TextBlock_59191763195989680682_inner_11\" style=\"font-size:17px\">Nielen re\u010di o milosrdenstve, ale aj o hriechu. Nielen o nebi, ale aj o pekle. Nielen o l\u00e1ske, ktorou ma miluje, ale aj o nen\u00e1visti, ktor\u00fa jeho meno sp\u00f4sob\u00ed. Nielen o jeho nasledovan\u00ed, ale aj o prenasledovan\u00ed pre neho.<\/p>\n\n\n\n<p id=\"wnd_TextBlock_59191763195989680682_inner_12\" style=\"font-size:17px\">V jeho re\u010diach je v\u0161ak aj n\u00e1dej. Lebo po slov\u00e1ch, \u017ee n\u00e1s bud\u00fa nen\u00e1vidie\u0165 pre jeho meno, nezab\u00fada zd\u00f4razni\u0165: &#8222;Ale ani vlas sa v\u00e1m z hlavy nestrat\u00ed. Ak vytrv\u00e1te, zachov\u00e1te si \u017eivot!&#8220;<\/p>\n\n\n\n<p id=\"wnd_TextBlock_59191763195989680682_inner_13\" style=\"font-size:17px\">Tak\u00fd je cel\u00fd Je\u017ei\u0161. V jeho re\u010diach je toti\u017e v\u0161etko: tie\u0148, ale aj svetlo v \u0148om.<\/p>\n\n\n\n<p style=\"font-size:17px\"><em>Autor:\u00a0<\/em><a href=\"https:\/\/www.vladkostefanic.com\/zamyslenia\/\" target=\"_blank\" rel=\"noreferrer noopener\"><em>Vladim\u00edr \u0160tefani\u010d<\/em><\/a><\/p>\n","protected":false},"excerpt":{"rendered":"<p>De\u0148 strieda noc a naopak, na to sme si u\u017e zvykli. Aj \u017ee nie v\u0161etky dni s\u00fa pln\u00e9 svetla, radosti a n\u00e1deje. Aj boles\u0165 b\u00fdva a trag\u00e9die sa st\u00e1vaj\u00fa &#8211; vn\u00fatorn\u00e9 i vonkaj\u0161ie. S t\u00fdm sme akosi vysporiadan\u00ed. Prinajmen\u0161om rozumieme, \u017ee \u017eivot je bohat\u00fd na dobr\u00e9 a zl\u00e9 dni. Ka\u017ed\u00fd \u017eivot. Zvl\u00e1\u0161tne je, \u017ee ke\u010f [&hellip;]<\/p>\n","protected":false},"author":1,"featured_media":0,"comment_status":"closed","ping_status":"closed","sticky":false,"template":"","format":"standard","meta":{"ngg_post_thumbnail":0,"footnotes":""},"categories":[22],"tags":[],"class_list":["post-62578","post","type-post","status-publish","format-standard","hentry","category-zamyslenia"],"views":67,"_links":{"self":[{"href":"https:\/\/www.farnost-strazske.sk\/index.php?rest_route=\/wp\/v2\/posts\/62578","targetHints":{"allow":["GET"]}}],"collection":[{"href":"https:\/\/www.farnost-strazske.sk\/index.php?rest_route=\/wp\/v2\/posts"}],"about":[{"href":"https:\/\/www.farnost-strazske.sk\/index.php?rest_route=\/wp\/v2\/types\/post"}],"author":[{"embeddable":true,"href":"https:\/\/www.farnost-strazske.sk\/index.php?rest_route=\/wp\/v2\/users\/1"}],"replies":[{"embeddable":true,"href":"https:\/\/www.farnost-strazske.sk\/index.php?rest_route=%2Fwp%2Fv2%2Fcomments&post=62578"}],"version-history":[{"count":1,"href":"https:\/\/www.farnost-strazske.sk\/index.php?rest_route=\/wp\/v2\/posts\/62578\/revisions"}],"predecessor-version":[{"id":62579,"href":"https:\/\/www.farnost-strazske.sk\/index.php?rest_route=\/wp\/v2\/posts\/62578\/revisions\/62579"}],"wp:attachment":[{"href":"https:\/\/www.farnost-strazske.sk\/index.php?rest_route=%2Fwp%2Fv2%2Fmedia&parent=62578"}],"wp:term":[{"taxonomy":"category","embeddable":true,"href":"https:\/\/www.farnost-strazske.sk\/index.php?rest_route=%2Fwp%2Fv2%2Fcategories&post=62578"},{"taxonomy":"post_tag","embeddable":true,"href":"https:\/\/www.farnost-strazske.sk\/index.php?rest_route=%2Fwp%2Fv2%2Ftags&post=62578"}],"curies":[{"name":"wp","href":"https:\/\/api.w.org\/{rel}","templated":true}]}}