{"id":62580,"date":"2025-11-16T16:39:00","date_gmt":"2025-11-16T16:39:00","guid":{"rendered":"https:\/\/www.farnost-strazske.sk\/?p=62580"},"modified":"2025-11-16T16:39:00","modified_gmt":"2025-11-16T16:39:00","slug":"pri-stole-s-papezom-spolocenstvo-a-nadej-pre-chudobnych","status":"publish","type":"post","link":"https:\/\/www.farnost-strazske.sk\/?p=62580","title":{"rendered":"Pri stole s p\u00e1pe\u017eom: spolo\u010denstvo a n\u00e1dej pre chudobn\u00fdch"},"content":{"rendered":"<p>V nede\u013eu 16. novembra v Aule Pavla VI. sa pripomienka Svetov\u00e9ho d\u0148a chudobn\u00fdch niesla v atmosf\u00e9re radosti, pohostinnosti a spolupatri\u010dnosti. I\u0161lo o obed s n\u00fadznymi, ktor\u00fd pripravila vincent\u00ednska komunita, na ktorom sa z\u00fa\u010dastnilo 1300 host\u00ed z r\u00f4znych kraj\u00edn. P\u00e1pe\u017e pri\u0161iel po modlitbe Anjel P\u00e1na a osobne v\u0161etk\u00fdch priv\u00edtal.    <\/p>\n<p><a href=\"https:\/\/www.vaticannews.va\/sk\/papez\/news\/2025-11\/pri-stole-s-papezom-spolocenstvo-a-nadej-pre-chudobnych.html\">\u010c\u00edtaj cel\u00e9<\/a><\/p>\n<p>\u00a0<\/p>","protected":false},"excerpt":{"rendered":"<p>V nede\u013eu 16. novembra v Aule Pavla VI. sa pripomienka Svetov\u00e9ho d\u0148a chudobn\u00fdch niesla v atmosf\u00e9re radosti, pohostinnosti a spolupatri\u010dnosti. I\u0161lo o obed s n\u00fadznymi, ktor\u00fd pripravila vincent\u00ednska komunita, na ktorom sa z\u00fa\u010dastnilo 1300 host\u00ed z r\u00f4znych kraj\u00edn. P\u00e1pe\u017e pri\u0161iel po modlitbe Anjel P\u00e1na a osobne v\u0161etk\u00fdch priv\u00edtal. \u010c\u00edtaj cel\u00e9 \u00a0<\/p>\n","protected":false},"author":1,"featured_media":0,"comment_status":"closed","ping_status":"closed","sticky":false,"template":"","format":"standard","meta":{"ngg_post_thumbnail":0,"footnotes":""},"categories":[31],"tags":[],"class_list":["post-62580","post","type-post","status-publish","format-standard","hentry","category-spravy-z-vatikanu"],"views":28,"_links":{"self":[{"href":"https:\/\/www.farnost-strazske.sk\/index.php?rest_route=\/wp\/v2\/posts\/62580","targetHints":{"allow":["GET"]}}],"collection":[{"href":"https:\/\/www.farnost-strazske.sk\/index.php?rest_route=\/wp\/v2\/posts"}],"about":[{"href":"https:\/\/www.farnost-strazske.sk\/index.php?rest_route=\/wp\/v2\/types\/post"}],"author":[{"embeddable":true,"href":"https:\/\/www.farnost-strazske.sk\/index.php?rest_route=\/wp\/v2\/users\/1"}],"replies":[{"embeddable":true,"href":"https:\/\/www.farnost-strazske.sk\/index.php?rest_route=%2Fwp%2Fv2%2Fcomments&post=62580"}],"version-history":[{"count":0,"href":"https:\/\/www.farnost-strazske.sk\/index.php?rest_route=\/wp\/v2\/posts\/62580\/revisions"}],"wp:attachment":[{"href":"https:\/\/www.farnost-strazske.sk\/index.php?rest_route=%2Fwp%2Fv2%2Fmedia&parent=62580"}],"wp:term":[{"taxonomy":"category","embeddable":true,"href":"https:\/\/www.farnost-strazske.sk\/index.php?rest_route=%2Fwp%2Fv2%2Fcategories&post=62580"},{"taxonomy":"post_tag","embeddable":true,"href":"https:\/\/www.farnost-strazske.sk\/index.php?rest_route=%2Fwp%2Fv2%2Ftags&post=62580"}],"curies":[{"name":"wp","href":"https:\/\/api.w.org\/{rel}","templated":true}]}}