{"id":62582,"date":"2025-11-16T16:03:00","date_gmt":"2025-11-16T16:03:00","guid":{"rendered":"https:\/\/www.farnost-strazske.sk\/?p=62582"},"modified":"2025-11-16T16:03:00","modified_gmt":"2025-11-16T16:03:00","slug":"homilia-leva-xiv-jubileum-chudobnych-je-vyzvou-k-blizkosti","status":"publish","type":"post","link":"https:\/\/www.farnost-strazske.sk\/?p=62582","title":{"rendered":"Hom\u00edlia Leva XIV.: Jubileum chudobn\u00fdch je v\u00fdzvou k bl\u00edzkosti"},"content":{"rendered":"<p>V nede\u013eu 16. novembra sl\u00e1vil p\u00e1pe\u017e Lev XIV. vo Vatik\u00e1nskej bazilike eucharistiu v r\u00e1mci Jubilea chudobn\u00fdch. Na bohoslu\u017ebe sa z\u00fa\u010dastnilo aj p\u00e4\u0165desiat p\u00fatnikov zo Slovenska \u2013 seminaristi, predstaven\u00ed a zamestnanci K\u0148azsk\u00e9ho semin\u00e1ra biskupa J\u00e1na Vojta\u0161\u0161\u00e1ka zo Spi\u0161skej Kapituly. Sv\u00e4t\u00fd Otec vo svojej hom\u00edlii zd\u00f4raznil, \u017ee uprostred neist\u00f4t dne\u0161n\u00e9ho sveta je Cirkev povolan\u00e1 by\u0165 matkou chudobn\u00fdch a ka\u017ed\u00fd kres\u0165an je pozvan\u00fd prelamova\u0165 kult\u00faru osamelosti pozornos\u0165ou, nehou a konkr\u00e9tnou bl\u00edzkos\u0165ou.<\/p>\n<p><a href=\"https:\/\/www.vaticannews.va\/sk\/papez\/news\/2025-11\/homilia-leva-xiv-jubileum-chudobnych-je-vyzvou-k-blizkosti.html\">\u010c\u00edtaj cel\u00e9<\/a><\/p>\n<p>\u00a0<\/p>","protected":false},"excerpt":{"rendered":"<p>V nede\u013eu 16. novembra sl\u00e1vil p\u00e1pe\u017e Lev XIV. vo Vatik\u00e1nskej bazilike eucharistiu v r\u00e1mci Jubilea chudobn\u00fdch. Na bohoslu\u017ebe sa z\u00fa\u010dastnilo aj p\u00e4\u0165desiat p\u00fatnikov zo Slovenska \u2013 seminaristi, predstaven\u00ed a zamestnanci K\u0148azsk\u00e9ho semin\u00e1ra biskupa J\u00e1na Vojta\u0161\u0161\u00e1ka zo Spi\u0161skej Kapituly. Sv\u00e4t\u00fd Otec vo svojej hom\u00edlii zd\u00f4raznil, \u017ee uprostred neist\u00f4t dne\u0161n\u00e9ho sveta je Cirkev povolan\u00e1 by\u0165 matkou chudobn\u00fdch [&hellip;]<\/p>\n","protected":false},"author":1,"featured_media":0,"comment_status":"closed","ping_status":"closed","sticky":false,"template":"","format":"standard","meta":{"ngg_post_thumbnail":0,"footnotes":""},"categories":[31],"tags":[],"class_list":["post-62582","post","type-post","status-publish","format-standard","hentry","category-spravy-z-vatikanu"],"views":21,"_links":{"self":[{"href":"https:\/\/www.farnost-strazske.sk\/index.php?rest_route=\/wp\/v2\/posts\/62582","targetHints":{"allow":["GET"]}}],"collection":[{"href":"https:\/\/www.farnost-strazske.sk\/index.php?rest_route=\/wp\/v2\/posts"}],"about":[{"href":"https:\/\/www.farnost-strazske.sk\/index.php?rest_route=\/wp\/v2\/types\/post"}],"author":[{"embeddable":true,"href":"https:\/\/www.farnost-strazske.sk\/index.php?rest_route=\/wp\/v2\/users\/1"}],"replies":[{"embeddable":true,"href":"https:\/\/www.farnost-strazske.sk\/index.php?rest_route=%2Fwp%2Fv2%2Fcomments&post=62582"}],"version-history":[{"count":0,"href":"https:\/\/www.farnost-strazske.sk\/index.php?rest_route=\/wp\/v2\/posts\/62582\/revisions"}],"wp:attachment":[{"href":"https:\/\/www.farnost-strazske.sk\/index.php?rest_route=%2Fwp%2Fv2%2Fmedia&parent=62582"}],"wp:term":[{"taxonomy":"category","embeddable":true,"href":"https:\/\/www.farnost-strazske.sk\/index.php?rest_route=%2Fwp%2Fv2%2Fcategories&post=62582"},{"taxonomy":"post_tag","embeddable":true,"href":"https:\/\/www.farnost-strazske.sk\/index.php?rest_route=%2Fwp%2Fv2%2Ftags&post=62582"}],"curies":[{"name":"wp","href":"https:\/\/api.w.org\/{rel}","templated":true}]}}