{"id":62584,"date":"2025-11-16T15:25:00","date_gmt":"2025-11-16T15:25:00","guid":{"rendered":"https:\/\/www.farnost-strazske.sk\/?p=62584"},"modified":"2025-11-16T15:25:00","modified_gmt":"2025-11-16T15:25:00","slug":"anjel-pana-vydavajme-svedectvo-pravde-ktora-zachranuje-svet","status":"publish","type":"post","link":"https:\/\/www.farnost-strazske.sk\/?p=62584","title":{"rendered":"Anjel P\u00e1na: Vyd\u00e1vajme svedectvo pravde, ktor\u00e1 zachra\u0148uje svet"},"content":{"rendered":"<p>Sv\u00e4t\u00fd Otec sa v nede\u013eu 16. novembra pred modlitbou Anjel P\u00e1na zameral na Je\u017ei\u0161ovo uistenie: \u201eVytrvalos\u0165ou si zachr\u00e1nite svoj \u017eivot\u201c (Lk 21, 19), ktor\u00e9 poz\u00fdva veriacich ne\u013eaka\u0165 sa otrasov dej\u00edn a zosta\u0165 pevn\u00ed vo viere. Ako pripomenul Lev XIV., prenasledovanie kres\u0165anov sa nedeje iba zbra\u0148ami \u010di telesn\u00fdm n\u00e1sil\u00edm, ale aj slovami \u2013 klamstvom a ideologickou manipul\u00e1ciou. Uprostred telesn\u00fdch i mor\u00e1lnych kr\u00edvd s\u00fa veriaci povolan\u00ed vyd\u00e1va\u0165 svedectvo o pravde, ktor\u00e1 zachra\u0148uje svet. <\/p>\n<p><a href=\"https:\/\/www.vaticannews.va\/sk\/papez\/news\/2025-11\/anjel-pana-vydavajme-svedectvo-pravde-ktora-zachranuje-svet.html\">\u010c\u00edtaj cel\u00e9<\/a><\/p>\n<p>\u00a0<\/p>","protected":false},"excerpt":{"rendered":"<p>Sv\u00e4t\u00fd Otec sa v nede\u013eu 16. novembra pred modlitbou Anjel P\u00e1na zameral na Je\u017ei\u0161ovo uistenie: \u201eVytrvalos\u0165ou si zachr\u00e1nite svoj \u017eivot\u201c (Lk 21, 19), ktor\u00e9 poz\u00fdva veriacich ne\u013eaka\u0165 sa otrasov dej\u00edn a zosta\u0165 pevn\u00ed vo viere. Ako pripomenul Lev XIV., prenasledovanie kres\u0165anov sa nedeje iba zbra\u0148ami \u010di telesn\u00fdm n\u00e1sil\u00edm, ale aj slovami \u2013 klamstvom a ideologickou [&hellip;]<\/p>\n","protected":false},"author":1,"featured_media":0,"comment_status":"closed","ping_status":"closed","sticky":false,"template":"","format":"standard","meta":{"ngg_post_thumbnail":0,"footnotes":""},"categories":[31],"tags":[],"class_list":["post-62584","post","type-post","status-publish","format-standard","hentry","category-spravy-z-vatikanu"],"views":19,"_links":{"self":[{"href":"https:\/\/www.farnost-strazske.sk\/index.php?rest_route=\/wp\/v2\/posts\/62584","targetHints":{"allow":["GET"]}}],"collection":[{"href":"https:\/\/www.farnost-strazske.sk\/index.php?rest_route=\/wp\/v2\/posts"}],"about":[{"href":"https:\/\/www.farnost-strazske.sk\/index.php?rest_route=\/wp\/v2\/types\/post"}],"author":[{"embeddable":true,"href":"https:\/\/www.farnost-strazske.sk\/index.php?rest_route=\/wp\/v2\/users\/1"}],"replies":[{"embeddable":true,"href":"https:\/\/www.farnost-strazske.sk\/index.php?rest_route=%2Fwp%2Fv2%2Fcomments&post=62584"}],"version-history":[{"count":0,"href":"https:\/\/www.farnost-strazske.sk\/index.php?rest_route=\/wp\/v2\/posts\/62584\/revisions"}],"wp:attachment":[{"href":"https:\/\/www.farnost-strazske.sk\/index.php?rest_route=%2Fwp%2Fv2%2Fmedia&parent=62584"}],"wp:term":[{"taxonomy":"category","embeddable":true,"href":"https:\/\/www.farnost-strazske.sk\/index.php?rest_route=%2Fwp%2Fv2%2Fcategories&post=62584"},{"taxonomy":"post_tag","embeddable":true,"href":"https:\/\/www.farnost-strazske.sk\/index.php?rest_route=%2Fwp%2Fv2%2Ftags&post=62584"}],"curies":[{"name":"wp","href":"https:\/\/api.w.org\/{rel}","templated":true}]}}