{"id":62585,"date":"2025-11-17T15:34:00","date_gmt":"2025-11-17T15:34:00","guid":{"rendered":"https:\/\/www.farnost-strazske.sk\/?p=62585"},"modified":"2025-11-17T15:34:00","modified_gmt":"2025-11-17T15:34:00","slug":"papez-biblistom-sme-povolani-k-naboznemu-pocuvaniu-bozieho-slova","status":"publish","type":"post","link":"https:\/\/www.farnost-strazske.sk\/?p=62585","title":{"rendered":"P\u00e1pe\u017e biblistom: Sme povolan\u00ed k n\u00e1bo\u017en\u00e9mu po\u010d\u00favaniu Bo\u017eieho slova"},"content":{"rendered":"<p>P\u00e1pe\u017e Lev XIV. prijal v pondelok 17. novembra \u010dlenov Katol\u00edckej biblickej feder\u00e1cie pri pr\u00edle\u017eitosti ich pracovn\u00e9ho zasadnutia vo Vatik\u00e1ne. Vo svojom pr\u00edhovore zd\u00f4raznil \u00fastredn\u00e9 miesto Bo\u017eieho slova v \u017eivote Cirkvi a pripomenul \u0161es\u0165desiate v\u00fdro\u010die koncilovej kon\u0161tit\u00facie Dei Verbum, ktor\u00e1 pod\u013ea jeho slov zost\u00e1va k\u013e\u00fa\u010dov\u00fdm kompasom aj pre dne\u0161n\u00fa dobu.<\/p>\n<p><a href=\"https:\/\/www.vaticannews.va\/sk\/papez\/news\/2025-11\/papez-biblistom-sme-povolani-k-naboznemu-pocuvaniu.html\">\u010c\u00edtaj cel\u00e9<\/a><\/p>\n<p>\u00a0<\/p>","protected":false},"excerpt":{"rendered":"<p>P\u00e1pe\u017e Lev XIV. prijal v pondelok 17. novembra \u010dlenov Katol\u00edckej biblickej feder\u00e1cie pri pr\u00edle\u017eitosti ich pracovn\u00e9ho zasadnutia vo Vatik\u00e1ne. Vo svojom pr\u00edhovore zd\u00f4raznil \u00fastredn\u00e9 miesto Bo\u017eieho slova v \u017eivote Cirkvi a pripomenul \u0161es\u0165desiate v\u00fdro\u010die koncilovej kon\u0161tit\u00facie Dei Verbum, ktor\u00e1 pod\u013ea jeho slov zost\u00e1va k\u013e\u00fa\u010dov\u00fdm kompasom aj pre dne\u0161n\u00fa dobu. \u010c\u00edtaj cel\u00e9 \u00a0<\/p>\n","protected":false},"author":1,"featured_media":0,"comment_status":"closed","ping_status":"closed","sticky":false,"template":"","format":"standard","meta":{"ngg_post_thumbnail":0,"footnotes":""},"categories":[31],"tags":[],"class_list":["post-62585","post","type-post","status-publish","format-standard","hentry","category-spravy-z-vatikanu"],"views":26,"_links":{"self":[{"href":"https:\/\/www.farnost-strazske.sk\/index.php?rest_route=\/wp\/v2\/posts\/62585","targetHints":{"allow":["GET"]}}],"collection":[{"href":"https:\/\/www.farnost-strazske.sk\/index.php?rest_route=\/wp\/v2\/posts"}],"about":[{"href":"https:\/\/www.farnost-strazske.sk\/index.php?rest_route=\/wp\/v2\/types\/post"}],"author":[{"embeddable":true,"href":"https:\/\/www.farnost-strazske.sk\/index.php?rest_route=\/wp\/v2\/users\/1"}],"replies":[{"embeddable":true,"href":"https:\/\/www.farnost-strazske.sk\/index.php?rest_route=%2Fwp%2Fv2%2Fcomments&post=62585"}],"version-history":[{"count":0,"href":"https:\/\/www.farnost-strazske.sk\/index.php?rest_route=\/wp\/v2\/posts\/62585\/revisions"}],"wp:attachment":[{"href":"https:\/\/www.farnost-strazske.sk\/index.php?rest_route=%2Fwp%2Fv2%2Fmedia&parent=62585"}],"wp:term":[{"taxonomy":"category","embeddable":true,"href":"https:\/\/www.farnost-strazske.sk\/index.php?rest_route=%2Fwp%2Fv2%2Fcategories&post=62585"},{"taxonomy":"post_tag","embeddable":true,"href":"https:\/\/www.farnost-strazske.sk\/index.php?rest_route=%2Fwp%2Fv2%2Ftags&post=62585"}],"curies":[{"name":"wp","href":"https:\/\/api.w.org\/{rel}","templated":true}]}}