{"id":62587,"date":"2025-11-17T14:34:00","date_gmt":"2025-11-17T14:34:00","guid":{"rendered":"https:\/\/www.farnost-strazske.sk\/?p=62587"},"modified":"2025-11-17T14:34:00","modified_gmt":"2025-11-17T14:34:00","slug":"lev-xiv-povzbudil-liturgickych-pracovnikov-k-obnovenej-formacii","status":"publish","type":"post","link":"https:\/\/www.farnost-strazske.sk\/?p=62587","title":{"rendered":"Lev XIV. povzbudil liturgick\u00fdch pracovn\u00edkov k obnovenej form\u00e1cii"},"content":{"rendered":"<p>Sv\u00e4t\u00fd Otec sa 17. novembra 2025 prihovoril \u00fa\u010dastn\u00edkom kurzu organizovan\u00e9ho P\u00e1pe\u017esk\u00fdm liturgick\u00fdm in\u0161tit\u00fatom Sant\u2019Anselmo. Na za\u010diatku forma\u010dn\u00e9ho kurzu pre zodpovedn\u00fdch za liturgick\u00fa pastor\u00e1ciu v diec\u00e9zach p\u00e1pe\u017e Lev XIV. zd\u00f4raznil potrebu prehlbova\u0165 biblick\u00fa a liturgick\u00fa form\u00e1ciu vo v\u0161etk\u00fdch farsk\u00fdch komunit\u00e1ch.<\/p>\n<p><a href=\"https:\/\/www.vaticannews.va\/sk\/papez\/news\/2025-11\/lev-xiv-povzbudil-liturgickych-pracovnikov-k-obnovenej-formacii.html\">\u010c\u00edtaj cel\u00e9<\/a><\/p>\n<p>\u00a0<\/p>","protected":false},"excerpt":{"rendered":"<p>Sv\u00e4t\u00fd Otec sa 17. novembra 2025 prihovoril \u00fa\u010dastn\u00edkom kurzu organizovan\u00e9ho P\u00e1pe\u017esk\u00fdm liturgick\u00fdm in\u0161tit\u00fatom Sant\u2019Anselmo. Na za\u010diatku forma\u010dn\u00e9ho kurzu pre zodpovedn\u00fdch za liturgick\u00fa pastor\u00e1ciu v diec\u00e9zach p\u00e1pe\u017e Lev XIV. zd\u00f4raznil potrebu prehlbova\u0165 biblick\u00fa a liturgick\u00fa form\u00e1ciu vo v\u0161etk\u00fdch farsk\u00fdch komunit\u00e1ch. \u010c\u00edtaj cel\u00e9 \u00a0<\/p>\n","protected":false},"author":1,"featured_media":0,"comment_status":"closed","ping_status":"closed","sticky":false,"template":"","format":"standard","meta":{"ngg_post_thumbnail":0,"footnotes":""},"categories":[31],"tags":[],"class_list":["post-62587","post","type-post","status-publish","format-standard","hentry","category-spravy-z-vatikanu"],"views":27,"_links":{"self":[{"href":"https:\/\/www.farnost-strazske.sk\/index.php?rest_route=\/wp\/v2\/posts\/62587","targetHints":{"allow":["GET"]}}],"collection":[{"href":"https:\/\/www.farnost-strazske.sk\/index.php?rest_route=\/wp\/v2\/posts"}],"about":[{"href":"https:\/\/www.farnost-strazske.sk\/index.php?rest_route=\/wp\/v2\/types\/post"}],"author":[{"embeddable":true,"href":"https:\/\/www.farnost-strazske.sk\/index.php?rest_route=\/wp\/v2\/users\/1"}],"replies":[{"embeddable":true,"href":"https:\/\/www.farnost-strazske.sk\/index.php?rest_route=%2Fwp%2Fv2%2Fcomments&post=62587"}],"version-history":[{"count":0,"href":"https:\/\/www.farnost-strazske.sk\/index.php?rest_route=\/wp\/v2\/posts\/62587\/revisions"}],"wp:attachment":[{"href":"https:\/\/www.farnost-strazske.sk\/index.php?rest_route=%2Fwp%2Fv2%2Fmedia&parent=62587"}],"wp:term":[{"taxonomy":"category","embeddable":true,"href":"https:\/\/www.farnost-strazske.sk\/index.php?rest_route=%2Fwp%2Fv2%2Fcategories&post=62587"},{"taxonomy":"post_tag","embeddable":true,"href":"https:\/\/www.farnost-strazske.sk\/index.php?rest_route=%2Fwp%2Fv2%2Ftags&post=62587"}],"curies":[{"name":"wp","href":"https:\/\/api.w.org\/{rel}","templated":true}]}}