{"id":62590,"date":"2025-11-18T11:36:00","date_gmt":"2025-11-18T11:36:00","guid":{"rendered":"https:\/\/www.farnost-strazske.sk\/?p=62590"},"modified":"2025-11-18T11:36:00","modified_gmt":"2025-11-18T11:36:00","slug":"marian-peciar-sdb-misionar-na-sibiri-skoly-sa-v-jakutsku-zacinaju-zatvarat-pri-45-c","status":"publish","type":"post","link":"https:\/\/www.farnost-strazske.sk\/?p=62590","title":{"rendered":"Mari\u00e1n Peciar SDB, mision\u00e1r na Sib\u00edri: \u0160koly sa v Jakutsku za\u010d\u00ednaj\u00fa zatv\u00e1ra\u0165 pri -45 \u00b0C"},"content":{"rendered":"<p>Salezi\u00e1nsky k\u0148az Mari\u00e1n Peciar v rozhovore pre Vatik\u00e1nsky rozhlas \u2013 Vatican News hovor\u00ed o svojej misii v Jakutskej republike v Ruskej feder\u00e1cii, kde p\u00f4sob\u00ed spolu s \u010fal\u0161\u00edmi slovensk\u00fdmi salezi\u00e1nmi. Irkutsk\u00e1 diec\u00e9za, do ktorej misia patr\u00ed, je najrozsiahlej\u0161ia na svete, rozlohou je v\u00e4\u010d\u0161ia ako \u010c\u00edna a ide o najchladnej\u0161ie \u00fazemie st\u00e1lo ob\u00fdvanej \u010dasti Zeme, kde teploty dosahuj\u00fa aj -70 \u00b0C.<\/p>\n<p><a href=\"https:\/\/www.vaticannews.va\/sk\/cirkev\/news\/2025-11\/misionar-na-sibiri-skoly-sa-v-jakutsku-zacinaju-zatvarat-pri-4.html\">\u010c\u00edtaj cel\u00e9<\/a><\/p>\n<p>\u00a0<\/p>","protected":false},"excerpt":{"rendered":"<p>Salezi\u00e1nsky k\u0148az Mari\u00e1n Peciar v rozhovore pre Vatik\u00e1nsky rozhlas \u2013 Vatican News hovor\u00ed o svojej misii v Jakutskej republike v Ruskej feder\u00e1cii, kde p\u00f4sob\u00ed spolu s \u010fal\u0161\u00edmi slovensk\u00fdmi salezi\u00e1nmi. Irkutsk\u00e1 diec\u00e9za, do ktorej misia patr\u00ed, je najrozsiahlej\u0161ia na svete, rozlohou je v\u00e4\u010d\u0161ia ako \u010c\u00edna a ide o najchladnej\u0161ie \u00fazemie st\u00e1lo ob\u00fdvanej \u010dasti Zeme, kde teploty [&hellip;]<\/p>\n","protected":false},"author":1,"featured_media":0,"comment_status":"closed","ping_status":"closed","sticky":false,"template":"","format":"standard","meta":{"ngg_post_thumbnail":0,"footnotes":""},"categories":[31],"tags":[],"class_list":["post-62590","post","type-post","status-publish","format-standard","hentry","category-spravy-z-vatikanu"],"views":18,"_links":{"self":[{"href":"https:\/\/www.farnost-strazske.sk\/index.php?rest_route=\/wp\/v2\/posts\/62590","targetHints":{"allow":["GET"]}}],"collection":[{"href":"https:\/\/www.farnost-strazske.sk\/index.php?rest_route=\/wp\/v2\/posts"}],"about":[{"href":"https:\/\/www.farnost-strazske.sk\/index.php?rest_route=\/wp\/v2\/types\/post"}],"author":[{"embeddable":true,"href":"https:\/\/www.farnost-strazske.sk\/index.php?rest_route=\/wp\/v2\/users\/1"}],"replies":[{"embeddable":true,"href":"https:\/\/www.farnost-strazske.sk\/index.php?rest_route=%2Fwp%2Fv2%2Fcomments&post=62590"}],"version-history":[{"count":0,"href":"https:\/\/www.farnost-strazske.sk\/index.php?rest_route=\/wp\/v2\/posts\/62590\/revisions"}],"wp:attachment":[{"href":"https:\/\/www.farnost-strazske.sk\/index.php?rest_route=%2Fwp%2Fv2%2Fmedia&parent=62590"}],"wp:term":[{"taxonomy":"category","embeddable":true,"href":"https:\/\/www.farnost-strazske.sk\/index.php?rest_route=%2Fwp%2Fv2%2Fcategories&post=62590"},{"taxonomy":"post_tag","embeddable":true,"href":"https:\/\/www.farnost-strazske.sk\/index.php?rest_route=%2Fwp%2Fv2%2Ftags&post=62590"}],"curies":[{"name":"wp","href":"https:\/\/api.w.org\/{rel}","templated":true}]}}