{"id":62591,"date":"2025-11-18T11:22:00","date_gmt":"2025-11-18T11:22:00","guid":{"rendered":"https:\/\/www.farnost-strazske.sk\/?p=62591"},"modified":"2025-11-18T11:22:00","modified_gmt":"2025-11-18T11:22:00","slug":"papez-silne-ciny-na-ochranu-klimy-su-investiciou-do-stabilnejsieho-sveta","status":"publish","type":"post","link":"https:\/\/www.farnost-strazske.sk\/?p=62591","title":{"rendered":"P\u00e1pe\u017e: Siln\u00e9 \u010diny na ochranu kl\u00edmy s\u00fa invest\u00edciou do stabilnej\u0161ieho sveta"},"content":{"rendered":"<p>\u201eVy\u0161lime spolo\u010dne jasn\u00fd glob\u00e1lny sign\u00e1l ako n\u00e1rody stojace v neochvejnej solidarite za Par\u00ed\u017eskou dohodou a za spolupr\u00e1cou v oblasti kl\u00edmy\u201c.  Vyz\u00fdva p\u00e1pe\u017e Lev XIV. vo videoposolstve do Amazonsk\u00e9ho m\u00fazea v Bel\u00e9me, kde sa v pondelok 17. novembra zhroma\u017edili z\u00e1stupcovia partikul\u00e1rnych cirkv\u00ed juhu plan\u00e9ty pri pr\u00edle\u017eitosti klimatickej konferencie COP 30, ktor\u00e1 sa kon\u00e1 v braz\u00edlskom Bel\u00e9me.<\/p>\n<p><a href=\"https:\/\/www.vaticannews.va\/sk\/papez\/news\/2025-11\/papez-silne-ciny-v-oblasti-klimy-su-investiciou-do-stabilnejsie.html\">\u010c\u00edtaj cel\u00e9<\/a><\/p>\n<p>\u00a0<\/p>","protected":false},"excerpt":{"rendered":"<p>\u201eVy\u0161lime spolo\u010dne jasn\u00fd glob\u00e1lny sign\u00e1l ako n\u00e1rody stojace v neochvejnej solidarite za Par\u00ed\u017eskou dohodou a za spolupr\u00e1cou v oblasti kl\u00edmy\u201c. Vyz\u00fdva p\u00e1pe\u017e Lev XIV. vo videoposolstve do Amazonsk\u00e9ho m\u00fazea v Bel\u00e9me, kde sa v pondelok 17. novembra zhroma\u017edili z\u00e1stupcovia partikul\u00e1rnych cirkv\u00ed juhu plan\u00e9ty pri pr\u00edle\u017eitosti klimatickej konferencie COP 30, ktor\u00e1 sa kon\u00e1 v braz\u00edlskom Bel\u00e9me. [&hellip;]<\/p>\n","protected":false},"author":1,"featured_media":0,"comment_status":"closed","ping_status":"closed","sticky":false,"template":"","format":"standard","meta":{"ngg_post_thumbnail":0,"footnotes":""},"categories":[31],"tags":[],"class_list":["post-62591","post","type-post","status-publish","format-standard","hentry","category-spravy-z-vatikanu"],"views":25,"_links":{"self":[{"href":"https:\/\/www.farnost-strazske.sk\/index.php?rest_route=\/wp\/v2\/posts\/62591","targetHints":{"allow":["GET"]}}],"collection":[{"href":"https:\/\/www.farnost-strazske.sk\/index.php?rest_route=\/wp\/v2\/posts"}],"about":[{"href":"https:\/\/www.farnost-strazske.sk\/index.php?rest_route=\/wp\/v2\/types\/post"}],"author":[{"embeddable":true,"href":"https:\/\/www.farnost-strazske.sk\/index.php?rest_route=\/wp\/v2\/users\/1"}],"replies":[{"embeddable":true,"href":"https:\/\/www.farnost-strazske.sk\/index.php?rest_route=%2Fwp%2Fv2%2Fcomments&post=62591"}],"version-history":[{"count":0,"href":"https:\/\/www.farnost-strazske.sk\/index.php?rest_route=\/wp\/v2\/posts\/62591\/revisions"}],"wp:attachment":[{"href":"https:\/\/www.farnost-strazske.sk\/index.php?rest_route=%2Fwp%2Fv2%2Fmedia&parent=62591"}],"wp:term":[{"taxonomy":"category","embeddable":true,"href":"https:\/\/www.farnost-strazske.sk\/index.php?rest_route=%2Fwp%2Fv2%2Fcategories&post=62591"},{"taxonomy":"post_tag","embeddable":true,"href":"https:\/\/www.farnost-strazske.sk\/index.php?rest_route=%2Fwp%2Fv2%2Ftags&post=62591"}],"curies":[{"name":"wp","href":"https:\/\/api.w.org\/{rel}","templated":true}]}}