{"id":62592,"date":"2025-11-19T14:52:00","date_gmt":"2025-11-19T14:52:00","guid":{"rendered":"https:\/\/www.farnost-strazske.sk\/?p=62592"},"modified":"2025-11-19T14:52:00","modified_gmt":"2025-11-19T14:52:00","slug":"papez-ludia-na-ukrajine-nadalej-umieraju-nech-sa-zastavi-palba-a-zacne-dialog","status":"publish","type":"post","link":"https:\/\/www.farnost-strazske.sk\/?p=62592","title":{"rendered":"P\u00e1pe\u017e: \u013dudia na Ukrajine na\u010falej umieraj\u00fa \u2013 nech sa zastav\u00ed pa\u013eba a za\u010dne dial\u00f3g"},"content":{"rendered":"<p>Lev XIV. v utorok 18. novembra ve\u010der odpovedal na ot\u00e1zky novin\u00e1rov pred n\u00e1vratom z Castel Gandolfa, kde pravidelne tr\u00e1vi svoj vo\u013en\u00fd de\u0148. Ods\u00fadil zab\u00edjanie kres\u0165anov i moslimov v Nig\u00e9rii a vyzval vl\u00e1du a \u013eud\u00ed, aby podporovali \u201eskuto\u010dn\u00fa n\u00e1bo\u017eensk\u00fa slobodu\u201c. Pokia\u013e ide o opatrenia proti migrantom v USA, vyzval, aby sa s \u013eu\u010fmi zaobch\u00e1dzalo \u201e\u013eudsky a d\u00f4stojne\u201c. Hovoril aj o mo\u017en\u00fdch cest\u00e1ch do Latinskej Ameriky v bud\u00facom roku a vysvetlil, ako tr\u00e1vi svoje dni v Castel Gandolfe \u010d\u00edtan\u00edm, \u0161portom a pr\u00e1cou<\/p>\n<p><a href=\"https:\/\/www.vaticannews.va\/sk\/papez\/news\/2025-11\/papez-castel-gandolfo-ukrajina-vojna-cesty.html\">\u010c\u00edtaj cel\u00e9<\/a><\/p>\n<p>\u00a0<\/p>","protected":false},"excerpt":{"rendered":"<p>Lev XIV. v utorok 18. novembra ve\u010der odpovedal na ot\u00e1zky novin\u00e1rov pred n\u00e1vratom z Castel Gandolfa, kde pravidelne tr\u00e1vi svoj vo\u013en\u00fd de\u0148. Ods\u00fadil zab\u00edjanie kres\u0165anov i moslimov v Nig\u00e9rii a vyzval vl\u00e1du a \u013eud\u00ed, aby podporovali \u201eskuto\u010dn\u00fa n\u00e1bo\u017eensk\u00fa slobodu\u201c. Pokia\u013e ide o opatrenia proti migrantom v USA, vyzval, aby sa s \u013eu\u010fmi zaobch\u00e1dzalo \u201e\u013eudsky a [&hellip;]<\/p>\n","protected":false},"author":1,"featured_media":0,"comment_status":"closed","ping_status":"closed","sticky":false,"template":"","format":"standard","meta":{"ngg_post_thumbnail":0,"footnotes":""},"categories":[31],"tags":[],"class_list":["post-62592","post","type-post","status-publish","format-standard","hentry","category-spravy-z-vatikanu"],"views":12,"_links":{"self":[{"href":"https:\/\/www.farnost-strazske.sk\/index.php?rest_route=\/wp\/v2\/posts\/62592","targetHints":{"allow":["GET"]}}],"collection":[{"href":"https:\/\/www.farnost-strazske.sk\/index.php?rest_route=\/wp\/v2\/posts"}],"about":[{"href":"https:\/\/www.farnost-strazske.sk\/index.php?rest_route=\/wp\/v2\/types\/post"}],"author":[{"embeddable":true,"href":"https:\/\/www.farnost-strazske.sk\/index.php?rest_route=\/wp\/v2\/users\/1"}],"replies":[{"embeddable":true,"href":"https:\/\/www.farnost-strazske.sk\/index.php?rest_route=%2Fwp%2Fv2%2Fcomments&post=62592"}],"version-history":[{"count":0,"href":"https:\/\/www.farnost-strazske.sk\/index.php?rest_route=\/wp\/v2\/posts\/62592\/revisions"}],"wp:attachment":[{"href":"https:\/\/www.farnost-strazske.sk\/index.php?rest_route=%2Fwp%2Fv2%2Fmedia&parent=62592"}],"wp:term":[{"taxonomy":"category","embeddable":true,"href":"https:\/\/www.farnost-strazske.sk\/index.php?rest_route=%2Fwp%2Fv2%2Fcategories&post=62592"},{"taxonomy":"post_tag","embeddable":true,"href":"https:\/\/www.farnost-strazske.sk\/index.php?rest_route=%2Fwp%2Fv2%2Ftags&post=62592"}],"curies":[{"name":"wp","href":"https:\/\/api.w.org\/{rel}","templated":true}]}}