{"id":62593,"date":"2025-11-19T14:47:00","date_gmt":"2025-11-19T14:47:00","guid":{"rendered":"https:\/\/www.farnost-strazske.sk\/?p=62593"},"modified":"2025-11-19T14:47:00","modified_gmt":"2025-11-19T14:47:00","slug":"papez-druhe-svetove-dni-deti-sa-uskutocnia-25-az-27-septembra-2026","status":"publish","type":"post","link":"https:\/\/www.farnost-strazske.sk\/?p=62593","title":{"rendered":"P\u00e1pe\u017e: Druh\u00e9 svetov\u00e9 dni det\u00ed sa uskuto\u010dnia 25. a\u017e 27. septembra 2026"},"content":{"rendered":"<p>Sv\u00e4t\u00fd Otec Lev XIV. v stredu 19. novembra v z\u00e1vere gener\u00e1lnej audiencie pripomenul najbli\u017e\u0161ie liturgick\u00e9 sviatky i de\u0148 kontemplat\u00edvnych reho\u013en\u00edkov, ryb\u00e1rov \u010di Nede\u013eu Kristra Kr\u00e1\u013ea. Z\u00e1rove\u0148 ozn\u00e1mil d\u00e1tum najbli\u017e\u0161\u00edch Svetov\u00fdch dn\u00ed det\u00ed.<\/p>\n<p><a href=\"https:\/\/www.vaticannews.va\/sk\/papez\/news\/2025-11\/papez-druhe-svetove-dni-deti-sa-uskutocnia-25-az-27-septembra.html\">\u010c\u00edtaj cel\u00e9<\/a><\/p>\n<p>\u00a0<\/p>","protected":false},"excerpt":{"rendered":"<p>Sv\u00e4t\u00fd Otec Lev XIV. v stredu 19. novembra v z\u00e1vere gener\u00e1lnej audiencie pripomenul najbli\u017e\u0161ie liturgick\u00e9 sviatky i de\u0148 kontemplat\u00edvnych reho\u013en\u00edkov, ryb\u00e1rov \u010di Nede\u013eu Kristra Kr\u00e1\u013ea. Z\u00e1rove\u0148 ozn\u00e1mil d\u00e1tum najbli\u017e\u0161\u00edch Svetov\u00fdch dn\u00ed det\u00ed. \u010c\u00edtaj cel\u00e9 \u00a0<\/p>\n","protected":false},"author":1,"featured_media":0,"comment_status":"closed","ping_status":"closed","sticky":false,"template":"","format":"standard","meta":{"ngg_post_thumbnail":0,"footnotes":""},"categories":[31],"tags":[],"class_list":["post-62593","post","type-post","status-publish","format-standard","hentry","category-spravy-z-vatikanu"],"views":23,"_links":{"self":[{"href":"https:\/\/www.farnost-strazske.sk\/index.php?rest_route=\/wp\/v2\/posts\/62593","targetHints":{"allow":["GET"]}}],"collection":[{"href":"https:\/\/www.farnost-strazske.sk\/index.php?rest_route=\/wp\/v2\/posts"}],"about":[{"href":"https:\/\/www.farnost-strazske.sk\/index.php?rest_route=\/wp\/v2\/types\/post"}],"author":[{"embeddable":true,"href":"https:\/\/www.farnost-strazske.sk\/index.php?rest_route=\/wp\/v2\/users\/1"}],"replies":[{"embeddable":true,"href":"https:\/\/www.farnost-strazske.sk\/index.php?rest_route=%2Fwp%2Fv2%2Fcomments&post=62593"}],"version-history":[{"count":0,"href":"https:\/\/www.farnost-strazske.sk\/index.php?rest_route=\/wp\/v2\/posts\/62593\/revisions"}],"wp:attachment":[{"href":"https:\/\/www.farnost-strazske.sk\/index.php?rest_route=%2Fwp%2Fv2%2Fmedia&parent=62593"}],"wp:term":[{"taxonomy":"category","embeddable":true,"href":"https:\/\/www.farnost-strazske.sk\/index.php?rest_route=%2Fwp%2Fv2%2Fcategories&post=62593"},{"taxonomy":"post_tag","embeddable":true,"href":"https:\/\/www.farnost-strazske.sk\/index.php?rest_route=%2Fwp%2Fv2%2Ftags&post=62593"}],"curies":[{"name":"wp","href":"https:\/\/api.w.org\/{rel}","templated":true}]}}