{"id":62595,"date":"2025-11-20T17:13:00","date_gmt":"2025-11-20T17:13:00","guid":{"rendered":"https:\/\/www.farnost-strazske.sk\/?p=62595"},"modified":"2025-11-20T17:13:00","modified_gmt":"2025-11-20T17:13:00","slug":"lev-xiv-uznat-sa-za-bratov-protilatka-na-kazdy-extremizmus","status":"publish","type":"post","link":"https:\/\/www.farnost-strazske.sk\/?p=62595","title":{"rendered":"Lev XIV.: Uzna\u0165 sa za bratov \u2013 protil\u00e1tka na ka\u017ed\u00fd extr\u00e9mizmus"},"content":{"rendered":"<p>Vo \u0161tvrtok 20. novembra vydalo Vatik\u00e1nske kni\u017en\u00e9 vydavate\u013estvo nov\u00fa knihu p\u00e1pe\u017ea s n\u00e1zvom \u201eSila evanjelia. Kres\u0165ansk\u00e1 viera v 10 slov\u00e1ch\u201d. Kniha, ktor\u00fa zostavil Lorenzo Fazzini, je zbierkou prejavov a pr\u00edspevkov p\u00e1pe\u017ea s doteraz nepublikovan\u00fdm textom \u2013 \u00favodom, ktor\u00fd v plnom znen\u00ed uverej\u0148ujeme ni\u017e\u0161ie.<\/p>\n<p><a href=\"https:\/\/www.vaticannews.va\/sk\/papez\/news\/2025-11\/lev-xiv-uznat-sa-za-bratov-protiliek-na-kazdy-extremizmus.html\">\u010c\u00edtaj cel\u00e9<\/a><\/p>\n<p>\u00a0<\/p>","protected":false},"excerpt":{"rendered":"<p>Vo \u0161tvrtok 20. novembra vydalo Vatik\u00e1nske kni\u017en\u00e9 vydavate\u013estvo nov\u00fa knihu p\u00e1pe\u017ea s n\u00e1zvom \u201eSila evanjelia. Kres\u0165ansk\u00e1 viera v 10 slov\u00e1ch\u201d. Kniha, ktor\u00fa zostavil Lorenzo Fazzini, je zbierkou prejavov a pr\u00edspevkov p\u00e1pe\u017ea s doteraz nepublikovan\u00fdm textom \u2013 \u00favodom, ktor\u00fd v plnom znen\u00ed uverej\u0148ujeme ni\u017e\u0161ie. \u010c\u00edtaj cel\u00e9 \u00a0<\/p>\n","protected":false},"author":1,"featured_media":0,"comment_status":"closed","ping_status":"closed","sticky":false,"template":"","format":"standard","meta":{"ngg_post_thumbnail":0,"footnotes":""},"categories":[31],"tags":[],"class_list":["post-62595","post","type-post","status-publish","format-standard","hentry","category-spravy-z-vatikanu"],"views":25,"_links":{"self":[{"href":"https:\/\/www.farnost-strazske.sk\/index.php?rest_route=\/wp\/v2\/posts\/62595","targetHints":{"allow":["GET"]}}],"collection":[{"href":"https:\/\/www.farnost-strazske.sk\/index.php?rest_route=\/wp\/v2\/posts"}],"about":[{"href":"https:\/\/www.farnost-strazske.sk\/index.php?rest_route=\/wp\/v2\/types\/post"}],"author":[{"embeddable":true,"href":"https:\/\/www.farnost-strazske.sk\/index.php?rest_route=\/wp\/v2\/users\/1"}],"replies":[{"embeddable":true,"href":"https:\/\/www.farnost-strazske.sk\/index.php?rest_route=%2Fwp%2Fv2%2Fcomments&post=62595"}],"version-history":[{"count":0,"href":"https:\/\/www.farnost-strazske.sk\/index.php?rest_route=\/wp\/v2\/posts\/62595\/revisions"}],"wp:attachment":[{"href":"https:\/\/www.farnost-strazske.sk\/index.php?rest_route=%2Fwp%2Fv2%2Fmedia&parent=62595"}],"wp:term":[{"taxonomy":"category","embeddable":true,"href":"https:\/\/www.farnost-strazske.sk\/index.php?rest_route=%2Fwp%2Fv2%2Fcategories&post=62595"},{"taxonomy":"post_tag","embeddable":true,"href":"https:\/\/www.farnost-strazske.sk\/index.php?rest_route=%2Fwp%2Fv2%2Ftags&post=62595"}],"curies":[{"name":"wp","href":"https:\/\/api.w.org\/{rel}","templated":true}]}}