{"id":62601,"date":"2025-11-21T14:10:00","date_gmt":"2025-11-21T14:10:00","guid":{"rendered":"https:\/\/www.farnost-strazske.sk\/?p=62601"},"modified":"2025-11-21T14:10:00","modified_gmt":"2025-11-21T14:10:00","slug":"lev-xiv-medzinarodnej-charite-piliermi-su-mier-spravodlivost-a-pravda","status":"publish","type":"post","link":"https:\/\/www.farnost-strazske.sk\/?p=62601","title":{"rendered":"Lev XIV. Medzin\u00e1rodnej charite: Piliermi s\u00fa mier, spravodlivos\u0165 a pravda"},"content":{"rendered":"<p>L\u00e1ska n\u00e1s rob\u00ed slu\u017eobn\u00edkmi a otv\u00e1ra na\u0161e o\u010di pre rany druh\u00fdch, povedal p\u00e1pe\u017e v piatok 21. novembra pri stretnut\u00ed s \u010dlenmi reprezenta\u010dnej rady Medzin\u00e1rodnej katol\u00edckej charity (Caritas Internationalis).<\/p>\n<p><a href=\"https:\/\/www.vaticannews.va\/sk\/papez\/news\/2025-11\/lev-xiv-medzinarodnej-charite-piliermi-su-mier-spravodlivost.html\">\u010c\u00edtaj cel\u00e9<\/a><\/p>\n<p>\u00a0<\/p>","protected":false},"excerpt":{"rendered":"<p>L\u00e1ska n\u00e1s rob\u00ed slu\u017eobn\u00edkmi a otv\u00e1ra na\u0161e o\u010di pre rany druh\u00fdch, povedal p\u00e1pe\u017e v piatok 21. novembra pri stretnut\u00ed s \u010dlenmi reprezenta\u010dnej rady Medzin\u00e1rodnej katol\u00edckej charity (Caritas Internationalis). \u010c\u00edtaj cel\u00e9 \u00a0<\/p>\n","protected":false},"author":1,"featured_media":0,"comment_status":"closed","ping_status":"closed","sticky":false,"template":"","format":"standard","meta":{"ngg_post_thumbnail":0,"footnotes":""},"categories":[31],"tags":[],"class_list":["post-62601","post","type-post","status-publish","format-standard","hentry","category-spravy-z-vatikanu"],"views":21,"_links":{"self":[{"href":"https:\/\/www.farnost-strazske.sk\/index.php?rest_route=\/wp\/v2\/posts\/62601","targetHints":{"allow":["GET"]}}],"collection":[{"href":"https:\/\/www.farnost-strazske.sk\/index.php?rest_route=\/wp\/v2\/posts"}],"about":[{"href":"https:\/\/www.farnost-strazske.sk\/index.php?rest_route=\/wp\/v2\/types\/post"}],"author":[{"embeddable":true,"href":"https:\/\/www.farnost-strazske.sk\/index.php?rest_route=\/wp\/v2\/users\/1"}],"replies":[{"embeddable":true,"href":"https:\/\/www.farnost-strazske.sk\/index.php?rest_route=%2Fwp%2Fv2%2Fcomments&post=62601"}],"version-history":[{"count":0,"href":"https:\/\/www.farnost-strazske.sk\/index.php?rest_route=\/wp\/v2\/posts\/62601\/revisions"}],"wp:attachment":[{"href":"https:\/\/www.farnost-strazske.sk\/index.php?rest_route=%2Fwp%2Fv2%2Fmedia&parent=62601"}],"wp:term":[{"taxonomy":"category","embeddable":true,"href":"https:\/\/www.farnost-strazske.sk\/index.php?rest_route=%2Fwp%2Fv2%2Fcategories&post=62601"},{"taxonomy":"post_tag","embeddable":true,"href":"https:\/\/www.farnost-strazske.sk\/index.php?rest_route=%2Fwp%2Fv2%2Ftags&post=62601"}],"curies":[{"name":"wp","href":"https:\/\/api.w.org\/{rel}","templated":true}]}}