{"id":62603,"date":"2025-11-21T13:00:00","date_gmt":"2025-11-21T13:00:00","guid":{"rendered":"https:\/\/www.farnost-strazske.sk\/?p=62603"},"modified":"2025-11-21T13:00:00","modified_gmt":"2025-11-21T13:00:00","slug":"papez-lev-xiv-o-desiatich-rokoch-reformy-manzelskych-procesov-spravodlivost-milosrdenstvo-a-pravda-patria-k-sebe","status":"publish","type":"post","link":"https:\/\/www.farnost-strazske.sk\/?p=62603","title":{"rendered":"P\u00e1pe\u017e Lev XIV. o desiatich rokoch reformy man\u017eelsk\u00fdch procesov: spravodlivos\u0165, milosrdenstvo a pravda patria k sebe"},"content":{"rendered":"<p>P\u00e1pe\u017e Lev XIV. sa dnes v Klement\u00ednskej s\u00e1le prihovoril \u00fa\u010dastn\u00edkom pr\u00e1vno-pastora\u010dn\u00e9ho kurzu R\u00edmskej r\u00f3ty, ktor\u00fd sa kon\u00e1 pri pr\u00edle\u017eitosti desiateho v\u00fdro\u010dia reformy procesov o neplatnos\u0165 man\u017eelstva zaveden\u00fdch p\u00e1pe\u017eom Franti\u0161kom. Sv\u00e4t\u00fd Otec po\u010fakoval organiz\u00e1torom aj \u00fa\u010dastn\u00edkom a pripomenul, \u017ee cie\u013eom reformy bolo pribl\u00ed\u017ei\u0165 veriacim spravodliv\u00fd, dostupn\u00fd a z\u00e1rove\u0148 pastora\u010dne citliv\u00fd proces, ktor\u00fd chr\u00e1ni pravdu o man\u017eelskom zv\u00e4zku.<\/p>\n<p><a href=\"https:\/\/www.vaticannews.va\/sk\/papez\/news\/2025-11\/papez-lev-xiv-o-desiatich-rokoch-reformy-manzelskych-procesov.html\">\u010c\u00edtaj cel\u00e9<\/a><\/p>\n<p>\u00a0<\/p>","protected":false},"excerpt":{"rendered":"<p>P\u00e1pe\u017e Lev XIV. sa dnes v Klement\u00ednskej s\u00e1le prihovoril \u00fa\u010dastn\u00edkom pr\u00e1vno-pastora\u010dn\u00e9ho kurzu R\u00edmskej r\u00f3ty, ktor\u00fd sa kon\u00e1 pri pr\u00edle\u017eitosti desiateho v\u00fdro\u010dia reformy procesov o neplatnos\u0165 man\u017eelstva zaveden\u00fdch p\u00e1pe\u017eom Franti\u0161kom. Sv\u00e4t\u00fd Otec po\u010fakoval organiz\u00e1torom aj \u00fa\u010dastn\u00edkom a pripomenul, \u017ee cie\u013eom reformy bolo pribl\u00ed\u017ei\u0165 veriacim spravodliv\u00fd, dostupn\u00fd a z\u00e1rove\u0148 pastora\u010dne citliv\u00fd proces, ktor\u00fd chr\u00e1ni pravdu o man\u017eelskom [&hellip;]<\/p>\n","protected":false},"author":1,"featured_media":0,"comment_status":"closed","ping_status":"closed","sticky":false,"template":"","format":"standard","meta":{"ngg_post_thumbnail":0,"footnotes":""},"categories":[31],"tags":[],"class_list":["post-62603","post","type-post","status-publish","format-standard","hentry","category-spravy-z-vatikanu"],"views":22,"_links":{"self":[{"href":"https:\/\/www.farnost-strazske.sk\/index.php?rest_route=\/wp\/v2\/posts\/62603","targetHints":{"allow":["GET"]}}],"collection":[{"href":"https:\/\/www.farnost-strazske.sk\/index.php?rest_route=\/wp\/v2\/posts"}],"about":[{"href":"https:\/\/www.farnost-strazske.sk\/index.php?rest_route=\/wp\/v2\/types\/post"}],"author":[{"embeddable":true,"href":"https:\/\/www.farnost-strazske.sk\/index.php?rest_route=\/wp\/v2\/users\/1"}],"replies":[{"embeddable":true,"href":"https:\/\/www.farnost-strazske.sk\/index.php?rest_route=%2Fwp%2Fv2%2Fcomments&post=62603"}],"version-history":[{"count":0,"href":"https:\/\/www.farnost-strazske.sk\/index.php?rest_route=\/wp\/v2\/posts\/62603\/revisions"}],"wp:attachment":[{"href":"https:\/\/www.farnost-strazske.sk\/index.php?rest_route=%2Fwp%2Fv2%2Fmedia&parent=62603"}],"wp:term":[{"taxonomy":"category","embeddable":true,"href":"https:\/\/www.farnost-strazske.sk\/index.php?rest_route=%2Fwp%2Fv2%2Fcategories&post=62603"},{"taxonomy":"post_tag","embeddable":true,"href":"https:\/\/www.farnost-strazske.sk\/index.php?rest_route=%2Fwp%2Fv2%2Ftags&post=62603"}],"curies":[{"name":"wp","href":"https:\/\/api.w.org\/{rel}","templated":true}]}}