{"id":62622,"date":"2025-11-25T16:27:00","date_gmt":"2025-11-25T16:27:00","guid":{"rendered":"https:\/\/www.farnost-strazske.sk\/?p=62622"},"modified":"2025-11-25T16:27:00","modified_gmt":"2025-11-25T16:27:00","slug":"dikasterium-pre-nauku-viery-vydalo-notu-o-manzelstve-s-nazvom-jedno-telo","status":"publish","type":"post","link":"https:\/\/www.farnost-strazske.sk\/?p=62622","title":{"rendered":"Dikast\u00e9rium pre n\u00e1uku viery vydalo n\u00f3tu o man\u017eelstve s n\u00e1zvom: Jedno telo"},"content":{"rendered":"<p>Vy\u0161la doktrin\u00e1lna n\u00f3ta s n\u00e1zvom \u201eJedno telo. Chv\u00e1la na monogamiu\u201c, ktor\u00e1 sa zaober\u00e1 hodnotou man\u017eelstva ako \u201ev\u00fdhradn\u00e9ho zv\u00e4zku a vz\u00e1jomnej pr\u00edslu\u0161nosti\u201d, celostn\u00e9ho spojenia, ktor\u00e9 v \u00faplnom darovan\u00ed seba druh\u00e9mu re\u0161pektuje jeho d\u00f4stojnos\u0165. Hovor\u00ed aj o d\u00f4le\u017eitosti man\u017eelskej l\u00e1sky a pozornosti vo\u010di chudobn\u00fdm. Odsudzuje fyzick\u00e9 i psychick\u00e9 n\u00e1silie: \u201eMan\u017eelstvo nie je vlastn\u00edctvo\u201c. V individualistickej a konzumnej dobe vyz\u00fdva vychov\u00e1va\u0165 mlad\u00fdch k l\u00e1ske ako k zodpovednosti a n\u00e1deji v druh\u00e9ho.<\/p>\n<p><a href=\"https:\/\/www.vaticannews.va\/sk\/vatikan\/news\/2025-11\/dikasterium-pre-nauku-viery-vydalo-notu-o-manzelstve.html\">\u010c\u00edtaj cel\u00e9<\/a><\/p>\n<p>\u00a0<\/p>","protected":false},"excerpt":{"rendered":"<p>Vy\u0161la doktrin\u00e1lna n\u00f3ta s n\u00e1zvom \u201eJedno telo. Chv\u00e1la na monogamiu\u201c, ktor\u00e1 sa zaober\u00e1 hodnotou man\u017eelstva ako \u201ev\u00fdhradn\u00e9ho zv\u00e4zku a vz\u00e1jomnej pr\u00edslu\u0161nosti\u201d, celostn\u00e9ho spojenia, ktor\u00e9 v \u00faplnom darovan\u00ed seba druh\u00e9mu re\u0161pektuje jeho d\u00f4stojnos\u0165. Hovor\u00ed aj o d\u00f4le\u017eitosti man\u017eelskej l\u00e1sky a pozornosti vo\u010di chudobn\u00fdm. Odsudzuje fyzick\u00e9 i psychick\u00e9 n\u00e1silie: \u201eMan\u017eelstvo nie je vlastn\u00edctvo\u201c. V individualistickej a konzumnej [&hellip;]<\/p>\n","protected":false},"author":1,"featured_media":0,"comment_status":"closed","ping_status":"closed","sticky":false,"template":"","format":"standard","meta":{"ngg_post_thumbnail":0,"footnotes":""},"categories":[31],"tags":[],"class_list":["post-62622","post","type-post","status-publish","format-standard","hentry","category-spravy-z-vatikanu"],"views":15,"_links":{"self":[{"href":"https:\/\/www.farnost-strazske.sk\/index.php?rest_route=\/wp\/v2\/posts\/62622","targetHints":{"allow":["GET"]}}],"collection":[{"href":"https:\/\/www.farnost-strazske.sk\/index.php?rest_route=\/wp\/v2\/posts"}],"about":[{"href":"https:\/\/www.farnost-strazske.sk\/index.php?rest_route=\/wp\/v2\/types\/post"}],"author":[{"embeddable":true,"href":"https:\/\/www.farnost-strazske.sk\/index.php?rest_route=\/wp\/v2\/users\/1"}],"replies":[{"embeddable":true,"href":"https:\/\/www.farnost-strazske.sk\/index.php?rest_route=%2Fwp%2Fv2%2Fcomments&post=62622"}],"version-history":[{"count":0,"href":"https:\/\/www.farnost-strazske.sk\/index.php?rest_route=\/wp\/v2\/posts\/62622\/revisions"}],"wp:attachment":[{"href":"https:\/\/www.farnost-strazske.sk\/index.php?rest_route=%2Fwp%2Fv2%2Fmedia&parent=62622"}],"wp:term":[{"taxonomy":"category","embeddable":true,"href":"https:\/\/www.farnost-strazske.sk\/index.php?rest_route=%2Fwp%2Fv2%2Fcategories&post=62622"},{"taxonomy":"post_tag","embeddable":true,"href":"https:\/\/www.farnost-strazske.sk\/index.php?rest_route=%2Fwp%2Fv2%2Ftags&post=62622"}],"curies":[{"name":"wp","href":"https:\/\/api.w.org\/{rel}","templated":true}]}}