{"id":62623,"date":"2025-11-25T15:59:00","date_gmt":"2025-11-25T15:59:00","guid":{"rendered":"https:\/\/www.farnost-strazske.sk\/?p=62623"},"modified":"2025-11-25T15:59:00","modified_gmt":"2025-11-25T15:59:00","slug":"maronitsky-arcibiskup-bejrutu-staci-nam-papezova-pritomnost","status":"publish","type":"post","link":"https:\/\/www.farnost-strazske.sk\/?p=62623","title":{"rendered":"Maronitsk\u00fd arcibiskup Bejr\u00fatu: Sta\u010d\u00ed n\u00e1m p\u00e1pe\u017eova pr\u00edtomnos\u0165"},"content":{"rendered":"<p>Paul Abdel Sater, bejr\u00fatsky arcibiskup, s rados\u0165ou o\u010dak\u00e1va bl\u00ed\u017eiacu sa n\u00e1v\u0161tevu p\u00e1pe\u017ea Leva XIV. v Libanone. Zd\u00f4raz\u0148uje p\u00e1pe\u017eovu trval\u00fa bl\u00edzkos\u0165 krajine a hovor\u00ed, \u017ee u\u017e len jeho pr\u00edtomnos\u0165 bude pre obyvate\u013estvo ve\u013ek\u00fdm povzbuden\u00edm.<\/p>\n<p><a href=\"https:\/\/www.vaticannews.va\/sk\/cirkev\/news\/2025-11\/maronitsky-arcibiskup-bejrutu-staci-nam-papezova-pritomnost.html\">\u010c\u00edtaj cel\u00e9<\/a><\/p>\n<p>\u00a0<\/p>","protected":false},"excerpt":{"rendered":"<p>Paul Abdel Sater, bejr\u00fatsky arcibiskup, s rados\u0165ou o\u010dak\u00e1va bl\u00ed\u017eiacu sa n\u00e1v\u0161tevu p\u00e1pe\u017ea Leva XIV. v Libanone. Zd\u00f4raz\u0148uje p\u00e1pe\u017eovu trval\u00fa bl\u00edzkos\u0165 krajine a hovor\u00ed, \u017ee u\u017e len jeho pr\u00edtomnos\u0165 bude pre obyvate\u013estvo ve\u013ek\u00fdm povzbuden\u00edm. \u010c\u00edtaj cel\u00e9 \u00a0<\/p>\n","protected":false},"author":1,"featured_media":0,"comment_status":"closed","ping_status":"closed","sticky":false,"template":"","format":"standard","meta":{"ngg_post_thumbnail":0,"footnotes":""},"categories":[31],"tags":[],"class_list":["post-62623","post","type-post","status-publish","format-standard","hentry","category-spravy-z-vatikanu"],"views":12,"_links":{"self":[{"href":"https:\/\/www.farnost-strazske.sk\/index.php?rest_route=\/wp\/v2\/posts\/62623","targetHints":{"allow":["GET"]}}],"collection":[{"href":"https:\/\/www.farnost-strazske.sk\/index.php?rest_route=\/wp\/v2\/posts"}],"about":[{"href":"https:\/\/www.farnost-strazske.sk\/index.php?rest_route=\/wp\/v2\/types\/post"}],"author":[{"embeddable":true,"href":"https:\/\/www.farnost-strazske.sk\/index.php?rest_route=\/wp\/v2\/users\/1"}],"replies":[{"embeddable":true,"href":"https:\/\/www.farnost-strazske.sk\/index.php?rest_route=%2Fwp%2Fv2%2Fcomments&post=62623"}],"version-history":[{"count":0,"href":"https:\/\/www.farnost-strazske.sk\/index.php?rest_route=\/wp\/v2\/posts\/62623\/revisions"}],"wp:attachment":[{"href":"https:\/\/www.farnost-strazske.sk\/index.php?rest_route=%2Fwp%2Fv2%2Fmedia&parent=62623"}],"wp:term":[{"taxonomy":"category","embeddable":true,"href":"https:\/\/www.farnost-strazske.sk\/index.php?rest_route=%2Fwp%2Fv2%2Fcategories&post=62623"},{"taxonomy":"post_tag","embeddable":true,"href":"https:\/\/www.farnost-strazske.sk\/index.php?rest_route=%2Fwp%2Fv2%2Ftags&post=62623"}],"curies":[{"name":"wp","href":"https:\/\/api.w.org\/{rel}","templated":true}]}}