{"id":62626,"date":"2025-11-26T16:21:00","date_gmt":"2025-11-26T16:21:00","guid":{"rendered":"https:\/\/www.farnost-strazske.sk\/?p=62626"},"modified":"2025-11-26T16:21:00","modified_gmt":"2025-11-26T16:21:00","slug":"kard-parolin-na-blizkom-vychode-bude-papez-poslom-zhody-dialogu-a-pokoja","status":"publish","type":"post","link":"https:\/\/www.farnost-strazske.sk\/?p=62626","title":{"rendered":"Kard. Parolin: Na Bl\u00edzkom v\u00fdchode bude p\u00e1pe\u017e poslom zhody, dial\u00f3gu a pokoja"},"content":{"rendered":"<p>Turecko a Libanon o\u010dak\u00e1vaj\u00fa Leva XIV. \u0160t\u00e1tny sekret\u00e1r Sv\u00e4tej stolice, kardin\u00e1l Pietro Parolin, zd\u00f4raz\u0148uje k\u013e\u00fa\u010dov\u00fd v\u00fdznam tejto cesty v ekumenickej a medzin\u00e1bo\u017eenskej oblasti, ako aj jej hodnotu znamenia n\u00e1deje a pokoja. K\u013e\u00fa\u010dov\u00e1 \u2013 pripom\u00edna kardin\u00e1l \u2013 je \u00faloha kres\u0165anov v spolo\u010denskom, hospod\u00e1rskom, kult\u00farnom a politickom \u017eivote na Bl\u00edzkom v\u00fdchode. \u201eChceli by sme, aby mohli zosta\u0165 na svojej zemi.\u201c<\/p>\n<p><a href=\"https:\/\/www.vaticannews.va\/sk\/vatikan\/news\/2025-11\/kard-parolin-na-blizkom-vychode-bude-papez-poslom-zhody.html\">\u010c\u00edtaj cel\u00e9<\/a><\/p>\n<p>\u00a0<\/p>","protected":false},"excerpt":{"rendered":"<p>Turecko a Libanon o\u010dak\u00e1vaj\u00fa Leva XIV. \u0160t\u00e1tny sekret\u00e1r Sv\u00e4tej stolice, kardin\u00e1l Pietro Parolin, zd\u00f4raz\u0148uje k\u013e\u00fa\u010dov\u00fd v\u00fdznam tejto cesty v ekumenickej a medzin\u00e1bo\u017eenskej oblasti, ako aj jej hodnotu znamenia n\u00e1deje a pokoja. K\u013e\u00fa\u010dov\u00e1 \u2013 pripom\u00edna kardin\u00e1l \u2013 je \u00faloha kres\u0165anov v spolo\u010denskom, hospod\u00e1rskom, kult\u00farnom a politickom \u017eivote na Bl\u00edzkom v\u00fdchode. \u201eChceli by sme, aby mohli zosta\u0165 [&hellip;]<\/p>\n","protected":false},"author":1,"featured_media":0,"comment_status":"closed","ping_status":"closed","sticky":false,"template":"","format":"standard","meta":{"ngg_post_thumbnail":0,"footnotes":""},"categories":[31],"tags":[],"class_list":["post-62626","post","type-post","status-publish","format-standard","hentry","category-spravy-z-vatikanu"],"views":20,"_links":{"self":[{"href":"https:\/\/www.farnost-strazske.sk\/index.php?rest_route=\/wp\/v2\/posts\/62626","targetHints":{"allow":["GET"]}}],"collection":[{"href":"https:\/\/www.farnost-strazske.sk\/index.php?rest_route=\/wp\/v2\/posts"}],"about":[{"href":"https:\/\/www.farnost-strazske.sk\/index.php?rest_route=\/wp\/v2\/types\/post"}],"author":[{"embeddable":true,"href":"https:\/\/www.farnost-strazske.sk\/index.php?rest_route=\/wp\/v2\/users\/1"}],"replies":[{"embeddable":true,"href":"https:\/\/www.farnost-strazske.sk\/index.php?rest_route=%2Fwp%2Fv2%2Fcomments&post=62626"}],"version-history":[{"count":0,"href":"https:\/\/www.farnost-strazske.sk\/index.php?rest_route=\/wp\/v2\/posts\/62626\/revisions"}],"wp:attachment":[{"href":"https:\/\/www.farnost-strazske.sk\/index.php?rest_route=%2Fwp%2Fv2%2Fmedia&parent=62626"}],"wp:term":[{"taxonomy":"category","embeddable":true,"href":"https:\/\/www.farnost-strazske.sk\/index.php?rest_route=%2Fwp%2Fv2%2Fcategories&post=62626"},{"taxonomy":"post_tag","embeddable":true,"href":"https:\/\/www.farnost-strazske.sk\/index.php?rest_route=%2Fwp%2Fv2%2Ftags&post=62626"}],"curies":[{"name":"wp","href":"https:\/\/api.w.org\/{rel}","templated":true}]}}