{"id":62629,"date":"2025-11-26T13:57:00","date_gmt":"2025-11-26T13:57:00","guid":{"rendered":"https:\/\/www.farnost-strazske.sk\/?p=62629"},"modified":"2025-11-26T13:57:00","modified_gmt":"2025-11-26T13:57:00","slug":"papez-medzinarodnej-teologickej-komisii-spajat-studium-s-modlitbou","status":"publish","type":"post","link":"https:\/\/www.farnost-strazske.sk\/?p=62629","title":{"rendered":"P\u00e1pe\u017e Medzin\u00e1rodnej teologickej komisii: Sp\u00e1ja\u0165 \u0161t\u00fadium s modlitbou"},"content":{"rendered":"<p>P\u00e1pe\u017e Lev XIV. v stredu 26. novembra prijal \u010dlenov Medzin\u00e1rodnej teologickej komisie. V pr\u00edhovore spomenul svoju zajtraj\u0161iu prv\u00fa apo\u0161tolsk\u00fa cestu sp\u00e4t\u00fa s oslavami 1700. v\u00fdro\u010dia Nicejsk\u00e9ho koncilu, ale aj m\u00fadros\u0165 u\u010dite\u013eov Cirkvi, ktor\u00ed sp\u00e1jali \u0161t\u00fadium teol\u00f3gie s modlitbou a duchovnos\u0165ou.<\/p>\n<p><a href=\"https:\/\/www.vaticannews.va\/sk\/papez\/news\/2025-11\/papez-medzinarodnej-teologickej-komisii-spajat-studium-s-modlit.html\">\u010c\u00edtaj cel\u00e9<\/a><\/p>\n<p>\u00a0<\/p>","protected":false},"excerpt":{"rendered":"<p>P\u00e1pe\u017e Lev XIV. v stredu 26. novembra prijal \u010dlenov Medzin\u00e1rodnej teologickej komisie. V pr\u00edhovore spomenul svoju zajtraj\u0161iu prv\u00fa apo\u0161tolsk\u00fa cestu sp\u00e4t\u00fa s oslavami 1700. v\u00fdro\u010dia Nicejsk\u00e9ho koncilu, ale aj m\u00fadros\u0165 u\u010dite\u013eov Cirkvi, ktor\u00ed sp\u00e1jali \u0161t\u00fadium teol\u00f3gie s modlitbou a duchovnos\u0165ou. \u010c\u00edtaj cel\u00e9 \u00a0<\/p>\n","protected":false},"author":1,"featured_media":0,"comment_status":"closed","ping_status":"closed","sticky":false,"template":"","format":"standard","meta":{"ngg_post_thumbnail":0,"footnotes":""},"categories":[31],"tags":[],"class_list":["post-62629","post","type-post","status-publish","format-standard","hentry","category-spravy-z-vatikanu"],"views":21,"_links":{"self":[{"href":"https:\/\/www.farnost-strazske.sk\/index.php?rest_route=\/wp\/v2\/posts\/62629","targetHints":{"allow":["GET"]}}],"collection":[{"href":"https:\/\/www.farnost-strazske.sk\/index.php?rest_route=\/wp\/v2\/posts"}],"about":[{"href":"https:\/\/www.farnost-strazske.sk\/index.php?rest_route=\/wp\/v2\/types\/post"}],"author":[{"embeddable":true,"href":"https:\/\/www.farnost-strazske.sk\/index.php?rest_route=\/wp\/v2\/users\/1"}],"replies":[{"embeddable":true,"href":"https:\/\/www.farnost-strazske.sk\/index.php?rest_route=%2Fwp%2Fv2%2Fcomments&post=62629"}],"version-history":[{"count":0,"href":"https:\/\/www.farnost-strazske.sk\/index.php?rest_route=\/wp\/v2\/posts\/62629\/revisions"}],"wp:attachment":[{"href":"https:\/\/www.farnost-strazske.sk\/index.php?rest_route=%2Fwp%2Fv2%2Fmedia&parent=62629"}],"wp:term":[{"taxonomy":"category","embeddable":true,"href":"https:\/\/www.farnost-strazske.sk\/index.php?rest_route=%2Fwp%2Fv2%2Fcategories&post=62629"},{"taxonomy":"post_tag","embeddable":true,"href":"https:\/\/www.farnost-strazske.sk\/index.php?rest_route=%2Fwp%2Fv2%2Ftags&post=62629"}],"curies":[{"name":"wp","href":"https:\/\/api.w.org\/{rel}","templated":true}]}}