{"id":62630,"date":"2025-11-26T13:47:00","date_gmt":"2025-11-26T13:47:00","guid":{"rendered":"https:\/\/www.farnost-strazske.sk\/?p=62630"},"modified":"2025-11-26T13:47:00","modified_gmt":"2025-11-26T13:47:00","slug":"papez-v-nicei-posolstvo-jednoty-pre-krestanov-v-libanone-pre-mier","status":"publish","type":"post","link":"https:\/\/www.farnost-strazske.sk\/?p=62630","title":{"rendered":"P\u00e1pe\u017e: v Nicei posolstvo jednoty pre kres\u0165anov, v Libanone pre mier"},"content":{"rendered":"<p>Lev XIV. odpovedal v utorok 25. novembra na ot\u00e1zky novin\u00e1rov pred n\u00e1vratom z Castel Gandolfa. Op\u00edsal svoju nadch\u00e1dzaj\u00facu apo\u0161tolsk\u00fa cestu do Turecka (T\u00fcrkiye) a Libanonu ako cestu v znamen\u00ed n\u00e1deje a mieru. V s\u00favislosti s Ukrajinou a Bl\u00edzkym v\u00fdchodom vyzval, aby sa v\u017edy h\u013eadal dial\u00f3g s cie\u013eom ukon\u010di\u0165 vojnu. Pokia\u013e ide o t\u00e9mu boja proti n\u00e1siliu p\u00e1chan\u00e9mu na \u017een\u00e1ch, v de\u0148 venovan\u00fd tejto t\u00e9me, zd\u00f4raznil, \u017ee je potrebn\u00e9 zmeni\u0165 mentalitu, po\u010dn\u00fac v\u00fdchovou mlad\u00fdch \u013eud\u00ed.<\/p>\n<p><a href=\"https:\/\/www.vaticannews.va\/sk\/papez\/news\/2025-11\/papez-v-nicei-posolstvo-jednoty-pre-krestanov-v-libanone-pre-m.html\">\u010c\u00edtaj cel\u00e9<\/a><\/p>\n<p>\u00a0<\/p>","protected":false},"excerpt":{"rendered":"<p>Lev XIV. odpovedal v utorok 25. novembra na ot\u00e1zky novin\u00e1rov pred n\u00e1vratom z Castel Gandolfa. Op\u00edsal svoju nadch\u00e1dzaj\u00facu apo\u0161tolsk\u00fa cestu do Turecka (T\u00fcrkiye) a Libanonu ako cestu v znamen\u00ed n\u00e1deje a mieru. V s\u00favislosti s Ukrajinou a Bl\u00edzkym v\u00fdchodom vyzval, aby sa v\u017edy h\u013eadal dial\u00f3g s cie\u013eom ukon\u010di\u0165 vojnu. Pokia\u013e ide o t\u00e9mu boja proti [&hellip;]<\/p>\n","protected":false},"author":1,"featured_media":0,"comment_status":"closed","ping_status":"closed","sticky":false,"template":"","format":"standard","meta":{"ngg_post_thumbnail":0,"footnotes":""},"categories":[31],"tags":[],"class_list":["post-62630","post","type-post","status-publish","format-standard","hentry","category-spravy-z-vatikanu"],"views":12,"_links":{"self":[{"href":"https:\/\/www.farnost-strazske.sk\/index.php?rest_route=\/wp\/v2\/posts\/62630","targetHints":{"allow":["GET"]}}],"collection":[{"href":"https:\/\/www.farnost-strazske.sk\/index.php?rest_route=\/wp\/v2\/posts"}],"about":[{"href":"https:\/\/www.farnost-strazske.sk\/index.php?rest_route=\/wp\/v2\/types\/post"}],"author":[{"embeddable":true,"href":"https:\/\/www.farnost-strazske.sk\/index.php?rest_route=\/wp\/v2\/users\/1"}],"replies":[{"embeddable":true,"href":"https:\/\/www.farnost-strazske.sk\/index.php?rest_route=%2Fwp%2Fv2%2Fcomments&post=62630"}],"version-history":[{"count":0,"href":"https:\/\/www.farnost-strazske.sk\/index.php?rest_route=\/wp\/v2\/posts\/62630\/revisions"}],"wp:attachment":[{"href":"https:\/\/www.farnost-strazske.sk\/index.php?rest_route=%2Fwp%2Fv2%2Fmedia&parent=62630"}],"wp:term":[{"taxonomy":"category","embeddable":true,"href":"https:\/\/www.farnost-strazske.sk\/index.php?rest_route=%2Fwp%2Fv2%2Fcategories&post=62630"},{"taxonomy":"post_tag","embeddable":true,"href":"https:\/\/www.farnost-strazske.sk\/index.php?rest_route=%2Fwp%2Fv2%2Ftags&post=62630"}],"curies":[{"name":"wp","href":"https:\/\/api.w.org\/{rel}","templated":true}]}}