{"id":62631,"date":"2025-11-27T16:15:00","date_gmt":"2025-11-27T16:15:00","guid":{"rendered":"https:\/\/www.farnost-strazske.sk\/?p=62631"},"modified":"2025-11-27T16:15:00","modified_gmt":"2025-11-27T16:15:00","slug":"harmonogram-apostolskej-cesty-papeza-leva-xiv-do-turecka-a-libanonu","status":"publish","type":"post","link":"https:\/\/www.farnost-strazske.sk\/?p=62631","title":{"rendered":"Harmonogram apo\u0161tolskej cesty p\u00e1pe\u017ea Leva XIV. do Turecka a Libanonu"},"content":{"rendered":"<p>P\u00e1pe\u017e Lev XIV. nav\u0161t\u00edvi v d\u0148och 27. novembra \u2013 2. decembra 2025 Turecko a Libanon. Prin\u00e1\u0161ame kompletn\u00fd program cesty so v\u0161etk\u00fdmi \u010dasmi prepo\u010d\u00edtan\u00fdmi na stredoeur\u00f3psky \u010das (CET); v z\u00e1tvorke je uveden\u00fd miestny \u010das.<\/p>\n<p><a href=\"https:\/\/www.vaticannews.va\/sk\/vatikan\/news\/2025-11\/harmonogram-apostolskej-cesty-do-turecka-a-libanonu.html\">\u010c\u00edtaj cel\u00e9<\/a><\/p>\n<p>\u00a0<\/p>","protected":false},"excerpt":{"rendered":"<p>P\u00e1pe\u017e Lev XIV. nav\u0161t\u00edvi v d\u0148och 27. novembra \u2013 2. decembra 2025 Turecko a Libanon. Prin\u00e1\u0161ame kompletn\u00fd program cesty so v\u0161etk\u00fdmi \u010dasmi prepo\u010d\u00edtan\u00fdmi na stredoeur\u00f3psky \u010das (CET); v z\u00e1tvorke je uveden\u00fd miestny \u010das. \u010c\u00edtaj cel\u00e9 \u00a0<\/p>\n","protected":false},"author":1,"featured_media":0,"comment_status":"closed","ping_status":"closed","sticky":false,"template":"","format":"standard","meta":{"ngg_post_thumbnail":0,"footnotes":""},"categories":[31],"tags":[],"class_list":["post-62631","post","type-post","status-publish","format-standard","hentry","category-spravy-z-vatikanu"],"views":33,"_links":{"self":[{"href":"https:\/\/www.farnost-strazske.sk\/index.php?rest_route=\/wp\/v2\/posts\/62631","targetHints":{"allow":["GET"]}}],"collection":[{"href":"https:\/\/www.farnost-strazske.sk\/index.php?rest_route=\/wp\/v2\/posts"}],"about":[{"href":"https:\/\/www.farnost-strazske.sk\/index.php?rest_route=\/wp\/v2\/types\/post"}],"author":[{"embeddable":true,"href":"https:\/\/www.farnost-strazske.sk\/index.php?rest_route=\/wp\/v2\/users\/1"}],"replies":[{"embeddable":true,"href":"https:\/\/www.farnost-strazske.sk\/index.php?rest_route=%2Fwp%2Fv2%2Fcomments&post=62631"}],"version-history":[{"count":0,"href":"https:\/\/www.farnost-strazske.sk\/index.php?rest_route=\/wp\/v2\/posts\/62631\/revisions"}],"wp:attachment":[{"href":"https:\/\/www.farnost-strazske.sk\/index.php?rest_route=%2Fwp%2Fv2%2Fmedia&parent=62631"}],"wp:term":[{"taxonomy":"category","embeddable":true,"href":"https:\/\/www.farnost-strazske.sk\/index.php?rest_route=%2Fwp%2Fv2%2Fcategories&post=62631"},{"taxonomy":"post_tag","embeddable":true,"href":"https:\/\/www.farnost-strazske.sk\/index.php?rest_route=%2Fwp%2Fv2%2Ftags&post=62631"}],"curies":[{"name":"wp","href":"https:\/\/api.w.org\/{rel}","templated":true}]}}