{"id":62632,"date":"2025-11-27T15:59:00","date_gmt":"2025-11-27T15:59:00","guid":{"rendered":"https:\/\/www.farnost-strazske.sk\/?p=62632"},"modified":"2025-11-27T15:59:00","modified_gmt":"2025-11-27T15:59:00","slug":"apostolska-cesta-do-turecka-a-libanonu-v-prehlade","status":"publish","type":"post","link":"https:\/\/www.farnost-strazske.sk\/?p=62632","title":{"rendered":"Apo\u0161tolsk\u00e1 cesta do Turecka a Libanonu v preh\u013eade"},"content":{"rendered":"<p>V chronologickom preh\u013eade prin\u00e1\u0161ame pr\u00edhovory Sv\u00e4t\u00e9ho Otca a spr\u00e1vy z jeho podujat\u00ed po\u010das apo\u0161tolskej n\u00e1v\u0161tevy Turecka a Libanonu (27. november \u2013 2. december 2025).<\/p>\n<p><a href=\"https:\/\/www.vaticannews.va\/sk\/papez\/news\/2025-11\/apostolska-cesta-do-turecka-a-libanonu-v-prehlade.html\">\u010c\u00edtaj cel\u00e9<\/a><\/p>\n<p>\u00a0<\/p>","protected":false},"excerpt":{"rendered":"<p>V chronologickom preh\u013eade prin\u00e1\u0161ame pr\u00edhovory Sv\u00e4t\u00e9ho Otca a spr\u00e1vy z jeho podujat\u00ed po\u010das apo\u0161tolskej n\u00e1v\u0161tevy Turecka a Libanonu (27. november \u2013 2. december 2025). \u010c\u00edtaj cel\u00e9 \u00a0<\/p>\n","protected":false},"author":1,"featured_media":0,"comment_status":"closed","ping_status":"closed","sticky":false,"template":"","format":"standard","meta":{"ngg_post_thumbnail":0,"footnotes":""},"categories":[31],"tags":[],"class_list":["post-62632","post","type-post","status-publish","format-standard","hentry","category-spravy-z-vatikanu"],"views":15,"_links":{"self":[{"href":"https:\/\/www.farnost-strazske.sk\/index.php?rest_route=\/wp\/v2\/posts\/62632","targetHints":{"allow":["GET"]}}],"collection":[{"href":"https:\/\/www.farnost-strazske.sk\/index.php?rest_route=\/wp\/v2\/posts"}],"about":[{"href":"https:\/\/www.farnost-strazske.sk\/index.php?rest_route=\/wp\/v2\/types\/post"}],"author":[{"embeddable":true,"href":"https:\/\/www.farnost-strazske.sk\/index.php?rest_route=\/wp\/v2\/users\/1"}],"replies":[{"embeddable":true,"href":"https:\/\/www.farnost-strazske.sk\/index.php?rest_route=%2Fwp%2Fv2%2Fcomments&post=62632"}],"version-history":[{"count":0,"href":"https:\/\/www.farnost-strazske.sk\/index.php?rest_route=\/wp\/v2\/posts\/62632\/revisions"}],"wp:attachment":[{"href":"https:\/\/www.farnost-strazske.sk\/index.php?rest_route=%2Fwp%2Fv2%2Fmedia&parent=62632"}],"wp:term":[{"taxonomy":"category","embeddable":true,"href":"https:\/\/www.farnost-strazske.sk\/index.php?rest_route=%2Fwp%2Fv2%2Fcategories&post=62632"},{"taxonomy":"post_tag","embeddable":true,"href":"https:\/\/www.farnost-strazske.sk\/index.php?rest_route=%2Fwp%2Fv2%2Ftags&post=62632"}],"curies":[{"name":"wp","href":"https:\/\/api.w.org\/{rel}","templated":true}]}}