{"id":62635,"date":"2025-11-27T14:41:00","date_gmt":"2025-11-27T14:41:00","guid":{"rendered":"https:\/\/www.farnost-strazske.sk\/?p=62635"},"modified":"2025-11-27T14:41:00","modified_gmt":"2025-11-27T14:41:00","slug":"papez-novinarom-v-lietadle-tato-cesta-je-posolstvom-jednoty-podporujme-mier","status":"publish","type":"post","link":"https:\/\/www.farnost-strazske.sk\/?p=62635","title":{"rendered":"P\u00e1pe\u017e novin\u00e1rom v lietadle: T\u00e1to cesta je posolstvom jednoty, podporujme mier"},"content":{"rendered":"<p>Lev XIV. vzlietol vo \u0161tvrtok 27. novembra dve min\u00faty pred 8. hodinou na svoju prv\u00fa apo\u0161tolsk\u00fa cestu, ktor\u00e1 ho zaviedla do Turecka a Libanonu. Na palube lietadla ITA Airways bol obr\u00e1zok Matky dobrej rady, ktor\u00fd maj\u00fa augustini\u00e1ni v opatere. P\u00e1pe\u017e pozdravil 81 novin\u00e1rov z medzin\u00e1rodn\u00fdch m\u00e9di\u00ed, ktor\u00ed ho sprev\u00e1dzaj\u00fa na jeho \u201ep\u00fati\u201c na Bl\u00edzky v\u00fdchod: \u201eD\u00fafame, \u017ee budeme m\u00f4c\u0165 hl\u00e1sa\u0165 a odovzda\u0165, ak\u00fd d\u00f4le\u017eit\u00fd je mier vo svete. Napriek v\u0161etk\u00fdm rozdielom sme v\u0161etci bratia a sestry.\u201c<\/p>\n<p><a href=\"https:\/\/www.vaticannews.va\/sk\/papez\/news\/2025-11\/papez-novinarom-v-lietadle-tato-cesta-je-posolstvom-jednoty-p.html\">\u010c\u00edtaj cel\u00e9<\/a><\/p>\n<p>\u00a0<\/p>","protected":false},"excerpt":{"rendered":"<p>Lev XIV. vzlietol vo \u0161tvrtok 27. novembra dve min\u00faty pred 8. hodinou na svoju prv\u00fa apo\u0161tolsk\u00fa cestu, ktor\u00e1 ho zaviedla do Turecka a Libanonu. Na palube lietadla ITA Airways bol obr\u00e1zok Matky dobrej rady, ktor\u00fd maj\u00fa augustini\u00e1ni v opatere. P\u00e1pe\u017e pozdravil 81 novin\u00e1rov z medzin\u00e1rodn\u00fdch m\u00e9di\u00ed, ktor\u00ed ho sprev\u00e1dzaj\u00fa na jeho \u201ep\u00fati\u201c na Bl\u00edzky v\u00fdchod: [&hellip;]<\/p>\n","protected":false},"author":1,"featured_media":0,"comment_status":"closed","ping_status":"closed","sticky":false,"template":"","format":"standard","meta":{"ngg_post_thumbnail":0,"footnotes":""},"categories":[31],"tags":[],"class_list":["post-62635","post","type-post","status-publish","format-standard","hentry","category-spravy-z-vatikanu"],"views":30,"_links":{"self":[{"href":"https:\/\/www.farnost-strazske.sk\/index.php?rest_route=\/wp\/v2\/posts\/62635","targetHints":{"allow":["GET"]}}],"collection":[{"href":"https:\/\/www.farnost-strazske.sk\/index.php?rest_route=\/wp\/v2\/posts"}],"about":[{"href":"https:\/\/www.farnost-strazske.sk\/index.php?rest_route=\/wp\/v2\/types\/post"}],"author":[{"embeddable":true,"href":"https:\/\/www.farnost-strazske.sk\/index.php?rest_route=\/wp\/v2\/users\/1"}],"replies":[{"embeddable":true,"href":"https:\/\/www.farnost-strazske.sk\/index.php?rest_route=%2Fwp%2Fv2%2Fcomments&post=62635"}],"version-history":[{"count":0,"href":"https:\/\/www.farnost-strazske.sk\/index.php?rest_route=\/wp\/v2\/posts\/62635\/revisions"}],"wp:attachment":[{"href":"https:\/\/www.farnost-strazske.sk\/index.php?rest_route=%2Fwp%2Fv2%2Fmedia&parent=62635"}],"wp:term":[{"taxonomy":"category","embeddable":true,"href":"https:\/\/www.farnost-strazske.sk\/index.php?rest_route=%2Fwp%2Fv2%2Fcategories&post=62635"},{"taxonomy":"post_tag","embeddable":true,"href":"https:\/\/www.farnost-strazske.sk\/index.php?rest_route=%2Fwp%2Fv2%2Ftags&post=62635"}],"curies":[{"name":"wp","href":"https:\/\/api.w.org\/{rel}","templated":true}]}}