{"id":62640,"date":"2025-11-28T15:40:00","date_gmt":"2025-11-28T15:40:00","guid":{"rendered":"https:\/\/www.farnost-strazske.sk\/?p=62640"},"modified":"2025-11-28T15:40:00","modified_gmt":"2025-11-28T15:40:00","slug":"papez-lev-xiv-v-izniku-nicea-nas-dnes-vola-k-jednote-a-zmiereniu","status":"publish","type":"post","link":"https:\/\/www.farnost-strazske.sk\/?p=62640","title":{"rendered":"P\u00e1pe\u017e Lev XIV. v \u0130zniku: Nicea n\u00e1s dnes vol\u00e1 k jednote a zmiereniu"},"content":{"rendered":"<p>Pri ekumenickom modlitbovom stretnut\u00ed v \u0130zniku, na mieste konania Prv\u00e9ho nicejsk\u00e9ho koncilu, p\u00e1pe\u017e Lev XIV. zd\u00f4raznil, \u017ee 1700. v\u00fdro\u010die historick\u00e9ho zhroma\u017edenia je v\u00fdzvou znovu sa p\u00fdta\u0165, k\u00fdm je Kristus pre dne\u0161n\u00e9ho \u010dloveka. Pripomenul, \u017ee spolo\u010dn\u00e9 kristologick\u00e9 vyznanie u\u017e teraz sp\u00e1ja v\u0161etk\u00fdch kres\u0165anov a \u017ee svet pozna\u010den\u00fd konfliktmi naliehavo potrebuje cestu zmierenia, dial\u00f3gu a univerz\u00e1lneho bratstva.<\/p>\n<p><a href=\"https:\/\/www.vaticannews.va\/sk\/papez\/news\/2025-11\/papez-lev-xiv-v-izniku-nicea-nas-dnes-vola-k-jednote.html\">\u010c\u00edtaj cel\u00e9<\/a><\/p>\n<p>\u00a0<\/p>","protected":false},"excerpt":{"rendered":"<p>Pri ekumenickom modlitbovom stretnut\u00ed v \u0130zniku, na mieste konania Prv\u00e9ho nicejsk\u00e9ho koncilu, p\u00e1pe\u017e Lev XIV. zd\u00f4raznil, \u017ee 1700. v\u00fdro\u010die historick\u00e9ho zhroma\u017edenia je v\u00fdzvou znovu sa p\u00fdta\u0165, k\u00fdm je Kristus pre dne\u0161n\u00e9ho \u010dloveka. Pripomenul, \u017ee spolo\u010dn\u00e9 kristologick\u00e9 vyznanie u\u017e teraz sp\u00e1ja v\u0161etk\u00fdch kres\u0165anov a \u017ee svet pozna\u010den\u00fd konfliktmi naliehavo potrebuje cestu zmierenia, dial\u00f3gu a univerz\u00e1lneho bratstva. [&hellip;]<\/p>\n","protected":false},"author":1,"featured_media":0,"comment_status":"closed","ping_status":"closed","sticky":false,"template":"","format":"standard","meta":{"ngg_post_thumbnail":0,"footnotes":""},"categories":[31],"tags":[],"class_list":["post-62640","post","type-post","status-publish","format-standard","hentry","category-spravy-z-vatikanu"],"views":23,"_links":{"self":[{"href":"https:\/\/www.farnost-strazske.sk\/index.php?rest_route=\/wp\/v2\/posts\/62640","targetHints":{"allow":["GET"]}}],"collection":[{"href":"https:\/\/www.farnost-strazske.sk\/index.php?rest_route=\/wp\/v2\/posts"}],"about":[{"href":"https:\/\/www.farnost-strazske.sk\/index.php?rest_route=\/wp\/v2\/types\/post"}],"author":[{"embeddable":true,"href":"https:\/\/www.farnost-strazske.sk\/index.php?rest_route=\/wp\/v2\/users\/1"}],"replies":[{"embeddable":true,"href":"https:\/\/www.farnost-strazske.sk\/index.php?rest_route=%2Fwp%2Fv2%2Fcomments&post=62640"}],"version-history":[{"count":0,"href":"https:\/\/www.farnost-strazske.sk\/index.php?rest_route=\/wp\/v2\/posts\/62640\/revisions"}],"wp:attachment":[{"href":"https:\/\/www.farnost-strazske.sk\/index.php?rest_route=%2Fwp%2Fv2%2Fmedia&parent=62640"}],"wp:term":[{"taxonomy":"category","embeddable":true,"href":"https:\/\/www.farnost-strazske.sk\/index.php?rest_route=%2Fwp%2Fv2%2Fcategories&post=62640"},{"taxonomy":"post_tag","embeddable":true,"href":"https:\/\/www.farnost-strazske.sk\/index.php?rest_route=%2Fwp%2Fv2%2Ftags&post=62640"}],"curies":[{"name":"wp","href":"https:\/\/api.w.org\/{rel}","templated":true}]}}