{"id":62643,"date":"2025-11-28T09:31:00","date_gmt":"2025-11-28T09:31:00","guid":{"rendered":"https:\/\/www.farnost-strazske.sk\/?p=62643"},"modified":"2025-11-28T09:31:00","modified_gmt":"2025-11-28T09:31:00","slug":"papez-lev-xiv-duchovnym-v-istanbule-cirkev-v-turecku-je-mala-no-plodna-ako-semienko-bozieho-kralovstva","status":"publish","type":"post","link":"https:\/\/www.farnost-strazske.sk\/?p=62643","title":{"rendered":"P\u00e1pe\u017e Lev XIV. duchovn\u00fdm v Istanbule: Cirkev v Turecku je mal\u00e1, no plodn\u00e1 ako semienko Bo\u017eieho kr\u00e1\u013eovstva"},"content":{"rendered":"<p>V piatok 28. novembra sa Sv\u00e4t\u00fd Otec prihovoril biskupom, k\u0148azom, zasv\u00e4ten\u00fdm osob\u00e1m a pastora\u010dn\u00fdm pracovn\u00edkom v istanbulskej katedr\u00e1le. Pripomenul hlbok\u00e9 korene kres\u0165anskej viery v tejto krajine, vyzval na odvahu malosti, tvoriv\u00fa n\u00e1dej a pastora\u010dn\u00fa pozornos\u0165 najm\u00e4 vo\u010di mlad\u00fdm, ute\u010dencom a migrantom. Zd\u00f4raznil aj aktu\u00e1lne posolstvo 1700. v\u00fdro\u010dia Prv\u00e9ho nicejsk\u00e9ho koncilu.<\/p>\n<p><a href=\"https:\/\/www.vaticannews.va\/sk\/papez\/news\/2025-11\/papez-lev-xiv-duchovnym-v-istambule-cirkev-v-turecku-je-mala.html\">\u010c\u00edtaj cel\u00e9<\/a><\/p>\n<p>\u00a0<\/p>","protected":false},"excerpt":{"rendered":"<p>V piatok 28. novembra sa Sv\u00e4t\u00fd Otec prihovoril biskupom, k\u0148azom, zasv\u00e4ten\u00fdm osob\u00e1m a pastora\u010dn\u00fdm pracovn\u00edkom v istanbulskej katedr\u00e1le. Pripomenul hlbok\u00e9 korene kres\u0165anskej viery v tejto krajine, vyzval na odvahu malosti, tvoriv\u00fa n\u00e1dej a pastora\u010dn\u00fa pozornos\u0165 najm\u00e4 vo\u010di mlad\u00fdm, ute\u010dencom a migrantom. Zd\u00f4raznil aj aktu\u00e1lne posolstvo 1700. v\u00fdro\u010dia Prv\u00e9ho nicejsk\u00e9ho koncilu. \u010c\u00edtaj cel\u00e9 \u00a0<\/p>\n","protected":false},"author":1,"featured_media":0,"comment_status":"closed","ping_status":"closed","sticky":false,"template":"","format":"standard","meta":{"ngg_post_thumbnail":0,"footnotes":""},"categories":[31],"tags":[],"class_list":["post-62643","post","type-post","status-publish","format-standard","hentry","category-spravy-z-vatikanu"],"views":12,"_links":{"self":[{"href":"https:\/\/www.farnost-strazske.sk\/index.php?rest_route=\/wp\/v2\/posts\/62643","targetHints":{"allow":["GET"]}}],"collection":[{"href":"https:\/\/www.farnost-strazske.sk\/index.php?rest_route=\/wp\/v2\/posts"}],"about":[{"href":"https:\/\/www.farnost-strazske.sk\/index.php?rest_route=\/wp\/v2\/types\/post"}],"author":[{"embeddable":true,"href":"https:\/\/www.farnost-strazske.sk\/index.php?rest_route=\/wp\/v2\/users\/1"}],"replies":[{"embeddable":true,"href":"https:\/\/www.farnost-strazske.sk\/index.php?rest_route=%2Fwp%2Fv2%2Fcomments&post=62643"}],"version-history":[{"count":0,"href":"https:\/\/www.farnost-strazske.sk\/index.php?rest_route=\/wp\/v2\/posts\/62643\/revisions"}],"wp:attachment":[{"href":"https:\/\/www.farnost-strazske.sk\/index.php?rest_route=%2Fwp%2Fv2%2Fmedia&parent=62643"}],"wp:term":[{"taxonomy":"category","embeddable":true,"href":"https:\/\/www.farnost-strazske.sk\/index.php?rest_route=%2Fwp%2Fv2%2Fcategories&post=62643"},{"taxonomy":"post_tag","embeddable":true,"href":"https:\/\/www.farnost-strazske.sk\/index.php?rest_route=%2Fwp%2Fv2%2Ftags&post=62643"}],"curies":[{"name":"wp","href":"https:\/\/api.w.org\/{rel}","templated":true}]}}