{"id":62645,"date":"2025-11-29T16:16:00","date_gmt":"2025-11-29T16:16:00","guid":{"rendered":"https:\/\/www.farnost-strazske.sk\/?p=62645"},"modified":"2025-11-29T16:16:00","modified_gmt":"2025-11-29T16:16:00","slug":"homilia-leva-xiv-v-istanbule-cirkev-je-mestom-na-vrchu-a-mostom-jednoty","status":"publish","type":"post","link":"https:\/\/www.farnost-strazske.sk\/?p=62645","title":{"rendered":"Hom\u00edlia Leva XIV. v Istanbule: Cirkev je mestom na vrchu a mostom jednoty"},"content":{"rendered":"<p>Na Prv\u00fa adventn\u00fa nede\u013eu sl\u00e1vil p\u00e1pe\u017e Lev XIV. sv\u00e4t\u00fa om\u0161u vo Volkswagen Arene v Istanbule po\u010das apo\u0161tolskej cesty do Turecka a Libanonu, spojenej s p\u00fa\u0165ou do \u0130zniku pri 1700. v\u00fdro\u010d\u00ed Prv\u00e9ho nicejsk\u00e9ho koncilu. Vo svojej hom\u00edlii zd\u00f4raznil, \u017ee Cirkev je \u201evrchom pevne postaven\u00fdm na vrchole h\u00f4r\u201c, povolan\u00fdm vy\u017earova\u0165 svetlo sv\u00e4tosti a n\u00e1deje, a veriacich povzbudil, aby v adventnom \u010dase budovali \u201etri mosty\u201c jednoty: vn\u00fatri Cirkvi, v ekumenick\u00fdch vz\u0165ahoch a v dial\u00f3gu s veriacimi in\u00fdch n\u00e1bo\u017eenstiev.<\/p>\n<p><a href=\"https:\/\/www.vaticannews.va\/sk\/papez\/news\/2025-11\/homilia-leva-xiv-v-istanbule-cirkev-je-mestom-na-vrchu-a-mosto.html\">\u010c\u00edtaj cel\u00e9<\/a><\/p>\n<p>\u00a0<\/p>","protected":false},"excerpt":{"rendered":"<p>Na Prv\u00fa adventn\u00fa nede\u013eu sl\u00e1vil p\u00e1pe\u017e Lev XIV. sv\u00e4t\u00fa om\u0161u vo Volkswagen Arene v Istanbule po\u010das apo\u0161tolskej cesty do Turecka a Libanonu, spojenej s p\u00fa\u0165ou do \u0130zniku pri 1700. v\u00fdro\u010d\u00ed Prv\u00e9ho nicejsk\u00e9ho koncilu. Vo svojej hom\u00edlii zd\u00f4raznil, \u017ee Cirkev je \u201evrchom pevne postaven\u00fdm na vrchole h\u00f4r\u201c, povolan\u00fdm vy\u017earova\u0165 svetlo sv\u00e4tosti a n\u00e1deje, a veriacich povzbudil, [&hellip;]<\/p>\n","protected":false},"author":1,"featured_media":0,"comment_status":"closed","ping_status":"closed","sticky":false,"template":"","format":"standard","meta":{"ngg_post_thumbnail":0,"footnotes":""},"categories":[31],"tags":[],"class_list":["post-62645","post","type-post","status-publish","format-standard","hentry","category-spravy-z-vatikanu"],"views":24,"_links":{"self":[{"href":"https:\/\/www.farnost-strazske.sk\/index.php?rest_route=\/wp\/v2\/posts\/62645","targetHints":{"allow":["GET"]}}],"collection":[{"href":"https:\/\/www.farnost-strazske.sk\/index.php?rest_route=\/wp\/v2\/posts"}],"about":[{"href":"https:\/\/www.farnost-strazske.sk\/index.php?rest_route=\/wp\/v2\/types\/post"}],"author":[{"embeddable":true,"href":"https:\/\/www.farnost-strazske.sk\/index.php?rest_route=\/wp\/v2\/users\/1"}],"replies":[{"embeddable":true,"href":"https:\/\/www.farnost-strazske.sk\/index.php?rest_route=%2Fwp%2Fv2%2Fcomments&post=62645"}],"version-history":[{"count":0,"href":"https:\/\/www.farnost-strazske.sk\/index.php?rest_route=\/wp\/v2\/posts\/62645\/revisions"}],"wp:attachment":[{"href":"https:\/\/www.farnost-strazske.sk\/index.php?rest_route=%2Fwp%2Fv2%2Fmedia&parent=62645"}],"wp:term":[{"taxonomy":"category","embeddable":true,"href":"https:\/\/www.farnost-strazske.sk\/index.php?rest_route=%2Fwp%2Fv2%2Fcategories&post=62645"},{"taxonomy":"post_tag","embeddable":true,"href":"https:\/\/www.farnost-strazske.sk\/index.php?rest_route=%2Fwp%2Fv2%2Ftags&post=62645"}],"curies":[{"name":"wp","href":"https:\/\/api.w.org\/{rel}","templated":true}]}}