{"id":62646,"date":"2025-11-29T15:23:00","date_gmt":"2025-11-29T15:23:00","guid":{"rendered":"https:\/\/www.farnost-strazske.sk\/?p=62646"},"modified":"2025-11-29T15:23:00","modified_gmt":"2025-11-29T15:23:00","slug":"lev-xiv-a-bartolomej-bozie-meno-nesmie-sluzit-na-ospravedlnenie-vojen-a-nasilia","status":"publish","type":"post","link":"https:\/\/www.farnost-strazske.sk\/?p=62646","title":{"rendered":"Lev XIV. a Bartolomej: Bo\u017eie meno nesmie sl\u00fa\u017ei\u0165 na ospravedlnenie vojen a n\u00e1silia"},"content":{"rendered":"<p>P\u00e1pe\u017e Lev XIV. a ekumenick\u00fd patriarcha Bartolomej podp\u00edsali vo Fanare v Istanbule spolo\u010dn\u00e9 vyhl\u00e1senie, v ktorom potvrdzuj\u00fa z\u00e1v\u00e4zok k jednote kres\u0165anov a k spolo\u010dn\u00e9mu d\u00e1tumu sl\u00e1venia Ve\u013ekej noci. Spolo\u010dne \u017eiadaj\u00fa \u201eokam\u017eit\u00e9\u201c ukon\u010denie trag\u00e9die vojny. Napriek znepokojivej situ\u00e1cii vo svete prin\u00e1\u0161aj\u00fa aj posolstvo n\u00e1deje: Boh \u013eudstvo nikdy neopust\u00ed.<\/p>\n<p><a href=\"https:\/\/www.vaticannews.va\/sk\/papez\/news\/2025-11\/lev-xiv-a-bartolomej-bozie-meno-nesmie-sluzit.html\">\u010c\u00edtaj cel\u00e9<\/a><\/p>\n<p>\u00a0<\/p>","protected":false},"excerpt":{"rendered":"<p>P\u00e1pe\u017e Lev XIV. a ekumenick\u00fd patriarcha Bartolomej podp\u00edsali vo Fanare v Istanbule spolo\u010dn\u00e9 vyhl\u00e1senie, v ktorom potvrdzuj\u00fa z\u00e1v\u00e4zok k jednote kres\u0165anov a k spolo\u010dn\u00e9mu d\u00e1tumu sl\u00e1venia Ve\u013ekej noci. Spolo\u010dne \u017eiadaj\u00fa \u201eokam\u017eit\u00e9\u201c ukon\u010denie trag\u00e9die vojny. Napriek znepokojivej situ\u00e1cii vo svete prin\u00e1\u0161aj\u00fa aj posolstvo n\u00e1deje: Boh \u013eudstvo nikdy neopust\u00ed. \u010c\u00edtaj cel\u00e9 \u00a0<\/p>\n","protected":false},"author":1,"featured_media":0,"comment_status":"closed","ping_status":"closed","sticky":false,"template":"","format":"standard","meta":{"ngg_post_thumbnail":0,"footnotes":""},"categories":[31],"tags":[],"class_list":["post-62646","post","type-post","status-publish","format-standard","hentry","category-spravy-z-vatikanu"],"views":22,"_links":{"self":[{"href":"https:\/\/www.farnost-strazske.sk\/index.php?rest_route=\/wp\/v2\/posts\/62646","targetHints":{"allow":["GET"]}}],"collection":[{"href":"https:\/\/www.farnost-strazske.sk\/index.php?rest_route=\/wp\/v2\/posts"}],"about":[{"href":"https:\/\/www.farnost-strazske.sk\/index.php?rest_route=\/wp\/v2\/types\/post"}],"author":[{"embeddable":true,"href":"https:\/\/www.farnost-strazske.sk\/index.php?rest_route=\/wp\/v2\/users\/1"}],"replies":[{"embeddable":true,"href":"https:\/\/www.farnost-strazske.sk\/index.php?rest_route=%2Fwp%2Fv2%2Fcomments&post=62646"}],"version-history":[{"count":0,"href":"https:\/\/www.farnost-strazske.sk\/index.php?rest_route=\/wp\/v2\/posts\/62646\/revisions"}],"wp:attachment":[{"href":"https:\/\/www.farnost-strazske.sk\/index.php?rest_route=%2Fwp%2Fv2%2Fmedia&parent=62646"}],"wp:term":[{"taxonomy":"category","embeddable":true,"href":"https:\/\/www.farnost-strazske.sk\/index.php?rest_route=%2Fwp%2Fv2%2Fcategories&post=62646"},{"taxonomy":"post_tag","embeddable":true,"href":"https:\/\/www.farnost-strazske.sk\/index.php?rest_route=%2Fwp%2Fv2%2Ftags&post=62646"}],"curies":[{"name":"wp","href":"https:\/\/api.w.org\/{rel}","templated":true}]}}