{"id":62647,"date":"2025-11-30T17:15:00","date_gmt":"2025-11-30T17:15:00","guid":{"rendered":"https:\/\/www.farnost-strazske.sk\/?p=62647"},"modified":"2025-11-30T12:06:09","modified_gmt":"2025-11-30T12:06:09","slug":"liturgicky-prehlad-a-oznamy-1-12-7-12-2025","status":"publish","type":"post","link":"https:\/\/www.farnost-strazske.sk\/?p=62647","title":{"rendered":"Liturgick\u00fd preh\u013ead a\u00a0oznamy 1.12. \u2013 7.12. 2025"},"content":{"rendered":"<table width=\"97%\">\n<tbody>\n<tr>\n<td width=\"28%\">\n<p style=\"text-align: center;\"><strong>Pondelok \/01.12.\/<\/strong><\/p>\n<p><em>&nbsp;<\/em><\/td>\n<td width=\"33%\"><em><u>17.30 Str\u00e1\u017eske\u2013sv.zmierenia<\/u><\/em><\/p>\n<p><strong>18.00 Str\u00e1\u017eske \u2013 detsk\u00e1<br \/>\n<\/strong>+ Anton, Juraj, Anna,<br \/>\n+ rod.Vra\u0148uchov\u00e1<\/td>\n<td width=\"33%\"><em><u>15.45 Brekov-sv.zmierenia<\/u><\/em><\/p>\n<p><strong>17.00 Brekov<br \/>\n<\/strong>+ Jozef Lengyel<\/td>\n<\/tr>\n<tr>\n<td width=\"28%\">\n<p style=\"text-align: center;\"><strong>Utorok \/02.12.\/<\/strong><\/p>\n<p><em>&nbsp;<\/em><\/td>\n<td width=\"33%\"><em><u>17.30 Str\u00e1\u017eske\u2013sv.zmierenia<\/u><\/em><\/p>\n<p><strong>18.00 Str\u00e1\u017eske<br \/>\n<\/strong>+ rod. Mace\u0148kov\u00e1, Be\u0148ov\u00e1<\/td>\n<td width=\"33%\"><em><u>16.00 P.\u010cemern\u00e9\u2013sv.zmierenia<\/u><\/em><\/p>\n<p><strong>17.00 Pust\u00e9 \u010cemern\u00e9<\/strong><\/td>\n<\/tr>\n<tr>\n<td width=\"28%\">\n<p style=\"text-align: center;\"><strong>Streda \/03.12.\/<\/strong><\/p>\n<p><em>&nbsp;<\/em><\/td>\n<td width=\"33%\"><em><u>11.00 Str\u00e1\u017eske\u2013sv.zmierenia<\/u><\/em><\/p>\n<p><strong>12.00 Str\u00e1\u017eske<br \/>\n<\/strong>+ Du\u0161an Vojs<br \/>\n+ rod. \u017din\u010d\u00e1kov\u00e1, Dolhomutov\u00e1<\/td>\n<td width=\"33%\"><em><u>16.00 Brekov-sv.zmierenia<\/u><\/em><\/p>\n<p><strong>17.00 Brekov<br \/>\n<\/strong>+ Michal, Margita, Em\u00edlia, Jozef<\/td>\n<\/tr>\n<tr>\n<td width=\"28%\">\n<p style=\"text-align: center;\"><strong>\u0160tvrtok \/04.12.\/<\/strong><\/p>\n<p style=\"text-align: center;\"><em>F\u00e9ria<\/em><\/p>\n<\/td>\n<td width=\"33%\"><span style=\"text-decoration: underline;\"><em>15.00 Str\u00e1\u017eske-ADOR\u00c1CIA<\/em><\/span><\/p>\n<p><em><u>16.30 Str\u00e1\u017eske\u2013sv.zmierenia<\/u><\/em><\/p>\n<p><strong>18.00 Str\u00e1\u017eske<br \/>\n<\/strong>+ Franti\u0161ek Repovsk\u00fd<\/td>\n<td width=\"33%\"><em><u>08.00 Brekov\u2013sv.zmiernia chor\u00fdch<\/u><\/em><\/p>\n<p><em><u>16.15 Krivo\u0161\u0165any\u2013sv.zmierenia<\/u><\/em><\/p>\n<p><strong>17.00 Krivo\u0161\u0165any<\/strong><\/td>\n<\/tr>\n<tr>\n<td width=\"28%\">\n<p style=\"text-align: center;\"><strong>Piatok \/05.12.\/<\/strong><\/p>\n<p><em>&nbsp;<\/em><\/td>\n<td width=\"33%\"><em><u>08.00 Str\u00e1\u017eske\u2013sv.zmierenia chor\u00fdch<\/u><\/em><\/p>\n<p><strong>17.00 Krivo\u0161\u0165any<\/strong><\/p>\n<p><strong>18.15 Str\u00e1\u017eske (ml\u00e1de\u017e a&nbsp;deti)<br \/>\n<\/strong>+ J\u00e1n \u0160andor<\/td>\n<td width=\"33%\"><strong>17.00 Pust\u00e9 \u010cemern\u00e9 <\/strong><\/p>\n<p><strong>18.30 Brekov<br \/>\n<\/strong>+ J\u00e1n Kov\u00e1\u010d<\/td>\n<\/tr>\n<tr>\n<td width=\"28%\">\n<p style=\"text-align: center;\"><strong>Sobota \/06.12.\/<\/strong><\/p>\n<p><em>&nbsp;<\/em><\/td>\n<td width=\"33%\"><strong>18.00 Str\u00e1\u017eske<br \/>\n<\/strong>ZBP rod. Legemzov\u00e1, Il\u010di\u0161inov\u00e1 a Va\u013eov\u00e1<\/td>\n<td width=\"33%\"><strong>17.00 Brekov<br \/>\n<\/strong>ZBP Anna Porva\u017en\u00edkov\u00e1<\/td>\n<\/tr>\n<tr>\n<td width=\"28%\">\n<p style=\"text-align: center;\"><strong>Nede\u013ea \/07.12.\/<\/strong><\/p>\n<p style=\"text-align: center;\"><strong>2. adventn\u00e1 nede\u013ea<\/strong><\/p>\n<\/td>\n<td width=\"33%\"><strong>08.00 Krivo\u0161\u0165any&nbsp; <\/strong><\/p>\n<p><strong>10.30 Str\u00e1\u017eske<br \/>\n<\/strong>ZBP p.far\u00e1r a&nbsp;p.kapl\u00e1n<\/p>\n<p><strong>18.15 Str\u00e1\u017eske<br \/>\n<\/strong>+ Peter \u010cig\u00e1\u0161<\/td>\n<td width=\"33%\"><strong>09.15 Pust\u00e9 \u010cemern\u00e9 <\/strong><\/p>\n<p><strong>09.15 Brekov<br \/>\n<\/strong>ZBP Irena Nemcov\u00e1<\/td>\n<\/tr>\n<\/tbody>\n<\/table>\n<ul>\n<li><strong>Birmovanci <\/strong>\u2013 BREKOV \u2013 piatok po sv. om\u0161i; STR\u00c1\u017dSKE \u2013 sobota 16.00 h.<\/li>\n<li>V&nbsp;piatok po skon\u010den\u00ed sv. om\u0161e vo farskom kostole, ste pozvan\u00ed na <a href=\"https:\/\/www.farnost-strazske.sk\/wp-content\/gallery\/2025\/Adoracia.jpg\"><strong>moderovan\u00fa ador\u00e1ciu slova a&nbsp;hudby<\/strong>.<\/a> Pozv\u00e1nka na vstup do adventn\u00e9ho obdobia.<\/li>\n<li>Oznam pre <strong>LEKTOROV<\/strong> (farsk\u00fd kostol) \u2013 2. adventn\u00e1 nede\u013ea \u2013 po sv. om\u0161i 10.30 h. stretnutie v&nbsp;kostole.<\/li>\n<li>Mesto Str\u00e1\u017eske a&nbsp;na\u0161a farnos\u0165 V\u00e1s srde\u010dne poz\u00fdvaj\u00fa na <strong>viano\u010dn\u00fd koncert<\/strong> d\u0148a 13.12.205 o&nbsp;16.00h. vo farskom kostole. \u00da\u010dinkova\u0165 bude Komorn\u00fd orchester Efko z&nbsp;KE s&nbsp;dirigentkou Dagmar \u0160oltisovou.<\/li>\n<\/ul>\n","protected":false},"excerpt":{"rendered":"<p>Pondelok \/01.12.\/ &nbsp; 17.30 Str\u00e1\u017eske\u2013sv.zmierenia 18.00 Str\u00e1\u017eske \u2013 detsk\u00e1 + Anton, Juraj, Anna, + rod.Vra\u0148uchov\u00e1 15.45 Brekov-sv.zmierenia 17.00 Brekov + Jozef Lengyel Utorok \/02.12.\/ &nbsp; 17.30 Str\u00e1\u017eske\u2013sv.zmierenia 18.00 Str\u00e1\u017eske + rod. Mace\u0148kov\u00e1, Be\u0148ov\u00e1 16.00 P.\u010cemern\u00e9\u2013sv.zmierenia 17.00 Pust\u00e9 \u010cemern\u00e9 Streda \/03.12.\/ &nbsp; 11.00 Str\u00e1\u017eske\u2013sv.zmierenia 12.00 Str\u00e1\u017eske + Du\u0161an Vojs + rod. \u017din\u010d\u00e1kov\u00e1, Dolhomutov\u00e1 16.00 Brekov-sv.zmierenia 17.00 [&hellip;]<\/p>\n","protected":false},"author":1,"featured_media":0,"comment_status":"closed","ping_status":"closed","sticky":false,"template":"","format":"standard","meta":{"ngg_post_thumbnail":0,"footnotes":""},"categories":[4],"tags":[],"class_list":["post-62647","post","type-post","status-publish","format-standard","hentry","category-farske-oznamy"],"views":898,"_links":{"self":[{"href":"https:\/\/www.farnost-strazske.sk\/index.php?rest_route=\/wp\/v2\/posts\/62647","targetHints":{"allow":["GET"]}}],"collection":[{"href":"https:\/\/www.farnost-strazske.sk\/index.php?rest_route=\/wp\/v2\/posts"}],"about":[{"href":"https:\/\/www.farnost-strazske.sk\/index.php?rest_route=\/wp\/v2\/types\/post"}],"author":[{"embeddable":true,"href":"https:\/\/www.farnost-strazske.sk\/index.php?rest_route=\/wp\/v2\/users\/1"}],"replies":[{"embeddable":true,"href":"https:\/\/www.farnost-strazske.sk\/index.php?rest_route=%2Fwp%2Fv2%2Fcomments&post=62647"}],"version-history":[{"count":3,"href":"https:\/\/www.farnost-strazske.sk\/index.php?rest_route=\/wp\/v2\/posts\/62647\/revisions"}],"predecessor-version":[{"id":62650,"href":"https:\/\/www.farnost-strazske.sk\/index.php?rest_route=\/wp\/v2\/posts\/62647\/revisions\/62650"}],"wp:attachment":[{"href":"https:\/\/www.farnost-strazske.sk\/index.php?rest_route=%2Fwp%2Fv2%2Fmedia&parent=62647"}],"wp:term":[{"taxonomy":"category","embeddable":true,"href":"https:\/\/www.farnost-strazske.sk\/index.php?rest_route=%2Fwp%2Fv2%2Fcategories&post=62647"},{"taxonomy":"post_tag","embeddable":true,"href":"https:\/\/www.farnost-strazske.sk\/index.php?rest_route=%2Fwp%2Fv2%2Ftags&post=62647"}],"curies":[{"name":"wp","href":"https:\/\/api.w.org\/{rel}","templated":true}]}}