{"id":62663,"date":"2025-11-30T13:00:00","date_gmt":"2025-11-30T13:00:00","guid":{"rendered":"https:\/\/www.farnost-strazske.sk\/?p=62663"},"modified":"2025-11-30T14:09:37","modified_gmt":"2025-11-30T14:09:37","slug":"svati-z-adventu","status":"publish","type":"post","link":"https:\/\/www.farnost-strazske.sk\/?p=62663","title":{"rendered":"Sv\u00e4t\u00ed z Adventu"},"content":{"rendered":"\n<p style=\"font-size:15px\">\u017divot sv\u00e4t\u00fdch Ondreja, Barbory, Mikul\u00e1\u0161a\u00a0 a\u00a0Lucie sprev\u00e1dzali na\u0161ich stretk\u00e1rov v\u00a0sobotn\u00e9 dopoludnie 22.11.2025. <\/p>\n\n\n\n<p style=\"font-size:15px\">Ve\u013ek\u00ed anim\u00e1tori \u010d\u00edtali de\u0165om \u017eivotopisy t\u00fdchto sv\u00e4tcov, pribl\u00ed\u017eili ich atrib\u00faty ( <em>ve\u017ea s\u00a0tromi oknami, kr\u00ed\u017e v\u00a0tvare\u201cX\u201c, prebodnut\u00e9 hrdlo, lampa, fak\u013ea, 3 jab\u013a\u010dka ) <\/em>a\u00a0porozpr\u00e1vali sa s nimi,\u00a0 \u010d\u00edm ich sv\u00e4tci zaujali.<\/p>\n\n\n\n<p style=\"font-size:15px\">V&nbsp;skupin\u00e1ch si mlad\u00ed stretk\u00e1ri vyrobili plag\u00e1t so svojim sv\u00e4tcom a&nbsp;nap\u00edsali, \u010do up\u00fatalo ich pozornos\u0165 zo \u017eivota sv\u00e4tca.<\/p>\n\n\n\n<p style=\"font-size:15px\">Aj v&nbsp;dne\u0161nej dobe deti zaujalo napr. ma\u0165 odvahu v \u0165a\u017ek\u00fdch situ\u00e1ci\u00e1ch, by\u0165 vern\u00fd svojim z\u00e1sad\u00e1m, schopnos\u0165 odp\u00fa\u0161\u0165a\u0165 \u010di obetova\u0165 sa &nbsp;a&nbsp;sl\u00fa\u017ei\u0165 druh\u00fdm.<\/p>\n\n\n\n<p style=\"font-size:15px\">Sv\u00e4t\u00ed s\u00fa n\u00e1m pr\u00edkladom, ako \u017ei\u0165 bli\u017e\u0161ie k&nbsp;Bohu a pripomienkou, \u017ee sv\u00e4tos\u0165 je dostupn\u00e1 aj \u201eoby\u010dajn\u00fdm\u201c \u013eu\u010fom.<\/p>\n\n\n\n<p style=\"font-size:15px\">\u00a0\u00a0\u00a0\u00a0\u00a0\u00a0\u00a0\u00a0\u00a0\u00a0\u00a0\u00a0\u00a0\u00a0\u00a0\u00a0\u00a0\u00a0\u00a0\u00a0\u00a0\u00a0\u00a0\u00a0\u00a0\u00a0\u00a0\u00a0\u00a0\u00a0\u00a0\u00a0\u00a0<em>\u00a0\u00a0\u00a0\u00a0\u00a0\u00a0\u00a0 \u00a0\u00a0\u00a0\u00a0\u00a0\u00a0Mirka, Hanka, Sofia, Filip, \u0160imon a Matej<\/em><\/p>\n\n\nngg_shortcode_0_placeholder\n\n\n<p><\/p>\n","protected":false},"excerpt":{"rendered":"<p>\u017divot sv\u00e4t\u00fdch Ondreja, Barbory, Mikul\u00e1\u0161a\u00a0 a\u00a0Lucie sprev\u00e1dzali na\u0161ich stretk\u00e1rov v\u00a0sobotn\u00e9 dopoludnie 22.11.2025. Ve\u013ek\u00ed anim\u00e1tori \u010d\u00edtali de\u0165om \u017eivotopisy t\u00fdchto sv\u00e4tcov, pribl\u00ed\u017eili ich atrib\u00faty ( ve\u017ea s\u00a0tromi oknami, kr\u00ed\u017e v\u00a0tvare\u201cX\u201c, prebodnut\u00e9 hrdlo, lampa, fak\u013ea, 3 jab\u013a\u010dka ) a\u00a0porozpr\u00e1vali sa s nimi,\u00a0 \u010d\u00edm ich sv\u00e4tci zaujali. V&nbsp;skupin\u00e1ch si mlad\u00ed stretk\u00e1ri vyrobili plag\u00e1t so svojim sv\u00e4tcom a&nbsp;nap\u00edsali, \u010do up\u00fatalo [&hellip;]<\/p>\n","protected":false},"author":1,"featured_media":0,"comment_status":"closed","ping_status":"closed","sticky":false,"template":"","format":"standard","meta":{"ngg_post_thumbnail":0,"footnotes":""},"categories":[11],"tags":[],"class_list":["post-62663","post","type-post","status-publish","format-standard","hentry","category-galerie"],"views":172,"_links":{"self":[{"href":"https:\/\/www.farnost-strazske.sk\/index.php?rest_route=\/wp\/v2\/posts\/62663","targetHints":{"allow":["GET"]}}],"collection":[{"href":"https:\/\/www.farnost-strazske.sk\/index.php?rest_route=\/wp\/v2\/posts"}],"about":[{"href":"https:\/\/www.farnost-strazske.sk\/index.php?rest_route=\/wp\/v2\/types\/post"}],"author":[{"embeddable":true,"href":"https:\/\/www.farnost-strazske.sk\/index.php?rest_route=\/wp\/v2\/users\/1"}],"replies":[{"embeddable":true,"href":"https:\/\/www.farnost-strazske.sk\/index.php?rest_route=%2Fwp%2Fv2%2Fcomments&post=62663"}],"version-history":[{"count":4,"href":"https:\/\/www.farnost-strazske.sk\/index.php?rest_route=\/wp\/v2\/posts\/62663\/revisions"}],"predecessor-version":[{"id":62667,"href":"https:\/\/www.farnost-strazske.sk\/index.php?rest_route=\/wp\/v2\/posts\/62663\/revisions\/62667"}],"wp:attachment":[{"href":"https:\/\/www.farnost-strazske.sk\/index.php?rest_route=%2Fwp%2Fv2%2Fmedia&parent=62663"}],"wp:term":[{"taxonomy":"category","embeddable":true,"href":"https:\/\/www.farnost-strazske.sk\/index.php?rest_route=%2Fwp%2Fv2%2Fcategories&post=62663"},{"taxonomy":"post_tag","embeddable":true,"href":"https:\/\/www.farnost-strazske.sk\/index.php?rest_route=%2Fwp%2Fv2%2Ftags&post=62663"}],"curies":[{"name":"wp","href":"https:\/\/api.w.org\/{rel}","templated":true}]}}