{"id":62670,"date":"2025-11-30T17:10:00","date_gmt":"2025-11-30T17:10:00","guid":{"rendered":"https:\/\/www.farnost-strazske.sk\/?p=62670"},"modified":"2025-11-30T17:10:00","modified_gmt":"2025-11-30T17:10:00","slug":"papez-vyzval-libanonskych-predstavitelov-k-odvahe-zmiereniu-a-nadeji","status":"publish","type":"post","link":"https:\/\/www.farnost-strazske.sk\/?p=62670","title":{"rendered":"P\u00e1pe\u017e vyzval libanonsk\u00fdch predstavite\u013eov k odvahe, zmiereniu a n\u00e1deji"},"content":{"rendered":"<p>Pri stretnut\u00ed s najvy\u0161\u0161\u00edmi \u0161t\u00e1tnymi, n\u00e1bo\u017eensk\u00fdmi a spolo\u010densk\u00fdmi predstavite\u013emi v Bejr\u00fate Sv\u00e4t\u00fd Otec zd\u00f4raznil, \u017ee Libanon je \u201espolo\u010denstvom spolo\u010denstiev\u201c povolan\u00fdm k jednote a k obnoveniu kult\u00fary mieru. Ocenil odolnos\u0165 libanonsk\u00e9ho \u013eudu, vyzval k uzdraveniu pam\u00e4ti a k spolo\u010dn\u00e9mu budovaniu bud\u00facnosti a upozornil na k\u013e\u00fa\u010dov\u00fa \u00falohu mlad\u00fdch a \u017eien v procese pokoja.<\/p>\n<p><a href=\"https:\/\/www.vaticannews.va\/sk\/papez\/news\/2025-11\/papez-lev-xiv-vyzval-libanonskych-predstavitelov-k-odvahe.html\">\u010c\u00edtaj cel\u00e9<\/a><\/p>\n<p>\u00a0<\/p>","protected":false},"excerpt":{"rendered":"<p>Pri stretnut\u00ed s najvy\u0161\u0161\u00edmi \u0161t\u00e1tnymi, n\u00e1bo\u017eensk\u00fdmi a spolo\u010densk\u00fdmi predstavite\u013emi v Bejr\u00fate Sv\u00e4t\u00fd Otec zd\u00f4raznil, \u017ee Libanon je \u201espolo\u010denstvom spolo\u010denstiev\u201c povolan\u00fdm k jednote a k obnoveniu kult\u00fary mieru. Ocenil odolnos\u0165 libanonsk\u00e9ho \u013eudu, vyzval k uzdraveniu pam\u00e4ti a k spolo\u010dn\u00e9mu budovaniu bud\u00facnosti a upozornil na k\u013e\u00fa\u010dov\u00fa \u00falohu mlad\u00fdch a \u017eien v procese pokoja. \u010c\u00edtaj cel\u00e9 \u00a0<\/p>\n","protected":false},"author":1,"featured_media":0,"comment_status":"closed","ping_status":"closed","sticky":false,"template":"","format":"standard","meta":{"ngg_post_thumbnail":0,"footnotes":""},"categories":[31],"tags":[],"class_list":["post-62670","post","type-post","status-publish","format-standard","hentry","category-spravy-z-vatikanu"],"views":34,"_links":{"self":[{"href":"https:\/\/www.farnost-strazske.sk\/index.php?rest_route=\/wp\/v2\/posts\/62670","targetHints":{"allow":["GET"]}}],"collection":[{"href":"https:\/\/www.farnost-strazske.sk\/index.php?rest_route=\/wp\/v2\/posts"}],"about":[{"href":"https:\/\/www.farnost-strazske.sk\/index.php?rest_route=\/wp\/v2\/types\/post"}],"author":[{"embeddable":true,"href":"https:\/\/www.farnost-strazske.sk\/index.php?rest_route=\/wp\/v2\/users\/1"}],"replies":[{"embeddable":true,"href":"https:\/\/www.farnost-strazske.sk\/index.php?rest_route=%2Fwp%2Fv2%2Fcomments&post=62670"}],"version-history":[{"count":0,"href":"https:\/\/www.farnost-strazske.sk\/index.php?rest_route=\/wp\/v2\/posts\/62670\/revisions"}],"wp:attachment":[{"href":"https:\/\/www.farnost-strazske.sk\/index.php?rest_route=%2Fwp%2Fv2%2Fmedia&parent=62670"}],"wp:term":[{"taxonomy":"category","embeddable":true,"href":"https:\/\/www.farnost-strazske.sk\/index.php?rest_route=%2Fwp%2Fv2%2Fcategories&post=62670"},{"taxonomy":"post_tag","embeddable":true,"href":"https:\/\/www.farnost-strazske.sk\/index.php?rest_route=%2Fwp%2Fv2%2Ftags&post=62670"}],"curies":[{"name":"wp","href":"https:\/\/api.w.org\/{rel}","templated":true}]}}