{"id":62671,"date":"2025-11-30T16:32:00","date_gmt":"2025-11-30T16:32:00","guid":{"rendered":"https:\/\/www.farnost-strazske.sk\/?p=62671"},"modified":"2025-11-30T16:32:00","modified_gmt":"2025-11-30T16:32:00","slug":"papez-novinarom-napriek-nabozenskym-etnickym-a-mnohym-inym-rozdielom-mozu-ludia-zit-v-mieri","status":"publish","type":"post","link":"https:\/\/www.farnost-strazske.sk\/?p=62671","title":{"rendered":"P\u00e1pe\u017e novin\u00e1rom: Napriek n\u00e1bo\u017eensk\u00fdm, etnick\u00fdm a mnoh\u00fdm in\u00fdm rozdielom m\u00f4\u017eu \u013eudia \u017ei\u0165 v mieri"},"content":{"rendered":"<p>Po\u010das letu z Istanbulu do Bejr\u00fatu sa Lev XIV. prihovoril novin\u00e1rom pr\u00edtomn\u00fdm na palube lietadla. Po\u010fakoval sa Turecku za prijatie, najm\u00e4 vl\u00e1de, ktor\u00e1 zabezpe\u010dila, aby bola n\u00e1v\u0161teva \u201e\u00faspe\u0161n\u00e1\u201c. N\u00e1sledne odpovedal na ot\u00e1zky dvoch tureck\u00fdch novin\u00e1rov o dial\u00f3gu s Erdoganom a vojne v Gaze a na Ukrajine a potvrdil my\u0161lienku cesty kres\u0165ansk\u00fdch komun\u00edt do Jeruzalema pri pr\u00edle\u017eitosti dvetis\u00edc rokov od Kristovho zm\u0155tvychvstania v roku 2033.<\/p>\n<p><a href=\"https:\/\/www.vaticannews.va\/sk\/papez\/news\/2025-11\/papez-novinarom-napriek-nabozenskym-etnickym-rozdielom.html\">\u010c\u00edtaj cel\u00e9<\/a><\/p>\n<p>\u00a0<\/p>","protected":false},"excerpt":{"rendered":"<p>Po\u010das letu z Istanbulu do Bejr\u00fatu sa Lev XIV. prihovoril novin\u00e1rom pr\u00edtomn\u00fdm na palube lietadla. Po\u010fakoval sa Turecku za prijatie, najm\u00e4 vl\u00e1de, ktor\u00e1 zabezpe\u010dila, aby bola n\u00e1v\u0161teva \u201e\u00faspe\u0161n\u00e1\u201c. N\u00e1sledne odpovedal na ot\u00e1zky dvoch tureck\u00fdch novin\u00e1rov o dial\u00f3gu s Erdoganom a vojne v Gaze a na Ukrajine a potvrdil my\u0161lienku cesty kres\u0165ansk\u00fdch komun\u00edt do Jeruzalema pri [&hellip;]<\/p>\n","protected":false},"author":1,"featured_media":0,"comment_status":"closed","ping_status":"closed","sticky":false,"template":"","format":"standard","meta":{"ngg_post_thumbnail":0,"footnotes":""},"categories":[31],"tags":[],"class_list":["post-62671","post","type-post","status-publish","format-standard","hentry","category-spravy-z-vatikanu"],"views":28,"_links":{"self":[{"href":"https:\/\/www.farnost-strazske.sk\/index.php?rest_route=\/wp\/v2\/posts\/62671","targetHints":{"allow":["GET"]}}],"collection":[{"href":"https:\/\/www.farnost-strazske.sk\/index.php?rest_route=\/wp\/v2\/posts"}],"about":[{"href":"https:\/\/www.farnost-strazske.sk\/index.php?rest_route=\/wp\/v2\/types\/post"}],"author":[{"embeddable":true,"href":"https:\/\/www.farnost-strazske.sk\/index.php?rest_route=\/wp\/v2\/users\/1"}],"replies":[{"embeddable":true,"href":"https:\/\/www.farnost-strazske.sk\/index.php?rest_route=%2Fwp%2Fv2%2Fcomments&post=62671"}],"version-history":[{"count":0,"href":"https:\/\/www.farnost-strazske.sk\/index.php?rest_route=\/wp\/v2\/posts\/62671\/revisions"}],"wp:attachment":[{"href":"https:\/\/www.farnost-strazske.sk\/index.php?rest_route=%2Fwp%2Fv2%2Fmedia&parent=62671"}],"wp:term":[{"taxonomy":"category","embeddable":true,"href":"https:\/\/www.farnost-strazske.sk\/index.php?rest_route=%2Fwp%2Fv2%2Fcategories&post=62671"},{"taxonomy":"post_tag","embeddable":true,"href":"https:\/\/www.farnost-strazske.sk\/index.php?rest_route=%2Fwp%2Fv2%2Ftags&post=62671"}],"curies":[{"name":"wp","href":"https:\/\/api.w.org\/{rel}","templated":true}]}}