{"id":62672,"date":"2025-11-30T13:57:00","date_gmt":"2025-11-30T13:57:00","guid":{"rendered":"https:\/\/www.farnost-strazske.sk\/?p=62672"},"modified":"2025-11-30T13:57:00","modified_gmt":"2025-11-30T13:57:00","slug":"stvrty-den-apostolskej-cesty-papeza-leva-xiv-istanbul-a-prichod-do-bejrutu","status":"publish","type":"post","link":"https:\/\/www.farnost-strazske.sk\/?p=62672","title":{"rendered":"\u0160tvrt\u00fd de\u0148 apo\u0161tolskej cesty p\u00e1pe\u017ea Leva XIV.: Istanbul a pr\u00edchod do Bejr\u00fatu"},"content":{"rendered":"<p>P\u00e1pe\u017e Lev XIV. ukon\u010dil n\u00e1v\u0161tevu Turecka sl\u00e1vnostnou bo\u017eskou liturgiou v Istanbule, po\u010das ktorej vyzval na pokra\u010dovanie teologick\u00e9ho dial\u00f3gu a spolo\u010dn\u00e9 \u00fasilie o jednotu kres\u0165anov. Popoludn\u00ed Sv\u00e4t\u00fd Otec odletel do Libanonu, kde za\u010dal svoju pastora\u010dno-diplomatick\u00fa n\u00e1v\u0161tevu stretnutiami s najvy\u0161\u0161\u00edmi predstavite\u013emi \u0161t\u00e1tu.<\/p>\n<p><a href=\"https:\/\/www.vaticannews.va\/sk\/papez\/news\/2025-11\/stvrty-den-apostolskej-cesty-papeza-leva-xiv-istanbul-bejrut.html\">\u010c\u00edtaj cel\u00e9<\/a><\/p>\n<p>\u00a0<\/p>","protected":false},"excerpt":{"rendered":"<p>P\u00e1pe\u017e Lev XIV. ukon\u010dil n\u00e1v\u0161tevu Turecka sl\u00e1vnostnou bo\u017eskou liturgiou v Istanbule, po\u010das ktorej vyzval na pokra\u010dovanie teologick\u00e9ho dial\u00f3gu a spolo\u010dn\u00e9 \u00fasilie o jednotu kres\u0165anov. Popoludn\u00ed Sv\u00e4t\u00fd Otec odletel do Libanonu, kde za\u010dal svoju pastora\u010dno-diplomatick\u00fa n\u00e1v\u0161tevu stretnutiami s najvy\u0161\u0161\u00edmi predstavite\u013emi \u0161t\u00e1tu. \u010c\u00edtaj cel\u00e9 \u00a0<\/p>\n","protected":false},"author":1,"featured_media":0,"comment_status":"closed","ping_status":"closed","sticky":false,"template":"","format":"standard","meta":{"ngg_post_thumbnail":0,"footnotes":""},"categories":[31],"tags":[],"class_list":["post-62672","post","type-post","status-publish","format-standard","hentry","category-spravy-z-vatikanu"],"views":26,"_links":{"self":[{"href":"https:\/\/www.farnost-strazske.sk\/index.php?rest_route=\/wp\/v2\/posts\/62672","targetHints":{"allow":["GET"]}}],"collection":[{"href":"https:\/\/www.farnost-strazske.sk\/index.php?rest_route=\/wp\/v2\/posts"}],"about":[{"href":"https:\/\/www.farnost-strazske.sk\/index.php?rest_route=\/wp\/v2\/types\/post"}],"author":[{"embeddable":true,"href":"https:\/\/www.farnost-strazske.sk\/index.php?rest_route=\/wp\/v2\/users\/1"}],"replies":[{"embeddable":true,"href":"https:\/\/www.farnost-strazske.sk\/index.php?rest_route=%2Fwp%2Fv2%2Fcomments&post=62672"}],"version-history":[{"count":0,"href":"https:\/\/www.farnost-strazske.sk\/index.php?rest_route=\/wp\/v2\/posts\/62672\/revisions"}],"wp:attachment":[{"href":"https:\/\/www.farnost-strazske.sk\/index.php?rest_route=%2Fwp%2Fv2%2Fmedia&parent=62672"}],"wp:term":[{"taxonomy":"category","embeddable":true,"href":"https:\/\/www.farnost-strazske.sk\/index.php?rest_route=%2Fwp%2Fv2%2Fcategories&post=62672"},{"taxonomy":"post_tag","embeddable":true,"href":"https:\/\/www.farnost-strazske.sk\/index.php?rest_route=%2Fwp%2Fv2%2Ftags&post=62672"}],"curies":[{"name":"wp","href":"https:\/\/api.w.org\/{rel}","templated":true}]}}