{"id":62673,"date":"2025-11-30T13:45:00","date_gmt":"2025-11-30T13:45:00","guid":{"rendered":"https:\/\/www.farnost-strazske.sk\/?p=62673"},"modified":"2025-11-30T13:45:00","modified_gmt":"2025-11-30T13:45:00","slug":"papez-lev-xiv-mladym-australcanom-budte-originalni-a-zite-bozie-volanie","status":"publish","type":"post","link":"https:\/\/www.farnost-strazske.sk\/?p=62673","title":{"rendered":"P\u00e1pe\u017e Lev XIV. mlad\u00fdm Austr\u00e1l\u010danom: Bu\u010fte origin\u00e1lni a \u017eite Bo\u017eie volanie"},"content":{"rendered":"<p>V nede\u013eu 30. novembra sa p\u00e1pe\u017e prihovoril \u00fa\u010dastn\u00edkom Austr\u00e1lskeho katol\u00edckeho festivalu ml\u00e1de\u017ee 2025 prostredn\u00edctvom videoposolstva, v ktorom zd\u00f4raznil kr\u00e1su, ale aj v\u00fdzvy \u017eivota mlad\u00fdch. Povzbudil ich, aby sa nenechali odradi\u0165 r\u00fdchlymi spolo\u010densk\u00fdmi zmenami, tlakmi okolia \u010di izol\u00e1ciou, ktor\u00fa m\u00f4\u017ee prin\u00e1\u0161a\u0165 modern\u00e1 technol\u00f3gia.<\/p>\n<p><a href=\"https:\/\/www.vaticannews.va\/sk\/papez\/news\/2025-11\/papez-lev-xiv-mladym-australcanom-budte-originalni.html\">\u010c\u00edtaj cel\u00e9<\/a><\/p>\n<p>\u00a0<\/p>","protected":false},"excerpt":{"rendered":"<p>V nede\u013eu 30. novembra sa p\u00e1pe\u017e prihovoril \u00fa\u010dastn\u00edkom Austr\u00e1lskeho katol\u00edckeho festivalu ml\u00e1de\u017ee 2025 prostredn\u00edctvom videoposolstva, v ktorom zd\u00f4raznil kr\u00e1su, ale aj v\u00fdzvy \u017eivota mlad\u00fdch. Povzbudil ich, aby sa nenechali odradi\u0165 r\u00fdchlymi spolo\u010densk\u00fdmi zmenami, tlakmi okolia \u010di izol\u00e1ciou, ktor\u00fa m\u00f4\u017ee prin\u00e1\u0161a\u0165 modern\u00e1 technol\u00f3gia. \u010c\u00edtaj cel\u00e9 \u00a0<\/p>\n","protected":false},"author":1,"featured_media":0,"comment_status":"closed","ping_status":"closed","sticky":false,"template":"","format":"standard","meta":{"ngg_post_thumbnail":0,"footnotes":""},"categories":[31],"tags":[],"class_list":["post-62673","post","type-post","status-publish","format-standard","hentry","category-spravy-z-vatikanu"],"views":24,"_links":{"self":[{"href":"https:\/\/www.farnost-strazske.sk\/index.php?rest_route=\/wp\/v2\/posts\/62673","targetHints":{"allow":["GET"]}}],"collection":[{"href":"https:\/\/www.farnost-strazske.sk\/index.php?rest_route=\/wp\/v2\/posts"}],"about":[{"href":"https:\/\/www.farnost-strazske.sk\/index.php?rest_route=\/wp\/v2\/types\/post"}],"author":[{"embeddable":true,"href":"https:\/\/www.farnost-strazske.sk\/index.php?rest_route=\/wp\/v2\/users\/1"}],"replies":[{"embeddable":true,"href":"https:\/\/www.farnost-strazske.sk\/index.php?rest_route=%2Fwp%2Fv2%2Fcomments&post=62673"}],"version-history":[{"count":0,"href":"https:\/\/www.farnost-strazske.sk\/index.php?rest_route=\/wp\/v2\/posts\/62673\/revisions"}],"wp:attachment":[{"href":"https:\/\/www.farnost-strazske.sk\/index.php?rest_route=%2Fwp%2Fv2%2Fmedia&parent=62673"}],"wp:term":[{"taxonomy":"category","embeddable":true,"href":"https:\/\/www.farnost-strazske.sk\/index.php?rest_route=%2Fwp%2Fv2%2Fcategories&post=62673"},{"taxonomy":"post_tag","embeddable":true,"href":"https:\/\/www.farnost-strazske.sk\/index.php?rest_route=%2Fwp%2Fv2%2Ftags&post=62673"}],"curies":[{"name":"wp","href":"https:\/\/api.w.org\/{rel}","templated":true}]}}