{"id":62674,"date":"2025-11-30T10:03:00","date_gmt":"2025-11-30T10:03:00","guid":{"rendered":"https:\/\/www.farnost-strazske.sk\/?p=62674"},"modified":"2025-11-30T10:03:00","modified_gmt":"2025-11-30T10:03:00","slug":"papez-lev-xiv-v-istanbule-katolici-a-pravoslavni-su-povolani-byt-tvorcami-pokoja-a-jednoty","status":"publish","type":"post","link":"https:\/\/www.farnost-strazske.sk\/?p=62674","title":{"rendered":"P\u00e1pe\u017e Lev XIV. v Istanbule: Katol\u00edci a pravosl\u00e1vni s\u00fa povolan\u00ed by\u0165 tvorcami pokoja a jednoty"},"content":{"rendered":"<p>Sv\u00e4t\u00fd Otec Lev XIV. sa v Patriarch\u00e1lnom chr\u00e1me sv. Juraja v Istanbule prihovoril pri sl\u00e1vnostnej bo\u017eskej liturgii na sviatok sv\u00e4t\u00e9ho Ondreja. Zd\u00f4raznil spolo\u010dn\u00e9 dedi\u010dstvo viery, ktor\u00e9 sp\u00e1ja katol\u00edkov a pravosl\u00e1vnych, potrebu obnovenej cesty k pln\u00e9mu spolo\u010denstvu a spolo\u010dn\u00fa zodpovednos\u0165 kres\u0165anov za budovanie pokoja, ochranu stvorenstva a etick\u00e9 vyu\u017e\u00edvanie nov\u00fdch technol\u00f3gi\u00ed.<\/p>\n<p><a href=\"https:\/\/www.vaticannews.va\/sk\/papez\/news\/2025-11\/papez-lev-xiv-v-istanbule-katolici-a-pravoslavni-jednota.html\">\u010c\u00edtaj cel\u00e9<\/a><\/p>\n<p>\u00a0<\/p>","protected":false},"excerpt":{"rendered":"<p>Sv\u00e4t\u00fd Otec Lev XIV. sa v Patriarch\u00e1lnom chr\u00e1me sv. Juraja v Istanbule prihovoril pri sl\u00e1vnostnej bo\u017eskej liturgii na sviatok sv\u00e4t\u00e9ho Ondreja. Zd\u00f4raznil spolo\u010dn\u00e9 dedi\u010dstvo viery, ktor\u00e9 sp\u00e1ja katol\u00edkov a pravosl\u00e1vnych, potrebu obnovenej cesty k pln\u00e9mu spolo\u010denstvu a spolo\u010dn\u00fa zodpovednos\u0165 kres\u0165anov za budovanie pokoja, ochranu stvorenstva a etick\u00e9 vyu\u017e\u00edvanie nov\u00fdch technol\u00f3gi\u00ed. \u010c\u00edtaj cel\u00e9 \u00a0<\/p>\n","protected":false},"author":1,"featured_media":0,"comment_status":"closed","ping_status":"closed","sticky":false,"template":"","format":"standard","meta":{"ngg_post_thumbnail":0,"footnotes":""},"categories":[31],"tags":[],"class_list":["post-62674","post","type-post","status-publish","format-standard","hentry","category-spravy-z-vatikanu"],"views":35,"_links":{"self":[{"href":"https:\/\/www.farnost-strazske.sk\/index.php?rest_route=\/wp\/v2\/posts\/62674","targetHints":{"allow":["GET"]}}],"collection":[{"href":"https:\/\/www.farnost-strazske.sk\/index.php?rest_route=\/wp\/v2\/posts"}],"about":[{"href":"https:\/\/www.farnost-strazske.sk\/index.php?rest_route=\/wp\/v2\/types\/post"}],"author":[{"embeddable":true,"href":"https:\/\/www.farnost-strazske.sk\/index.php?rest_route=\/wp\/v2\/users\/1"}],"replies":[{"embeddable":true,"href":"https:\/\/www.farnost-strazske.sk\/index.php?rest_route=%2Fwp%2Fv2%2Fcomments&post=62674"}],"version-history":[{"count":0,"href":"https:\/\/www.farnost-strazske.sk\/index.php?rest_route=\/wp\/v2\/posts\/62674\/revisions"}],"wp:attachment":[{"href":"https:\/\/www.farnost-strazske.sk\/index.php?rest_route=%2Fwp%2Fv2%2Fmedia&parent=62674"}],"wp:term":[{"taxonomy":"category","embeddable":true,"href":"https:\/\/www.farnost-strazske.sk\/index.php?rest_route=%2Fwp%2Fv2%2Fcategories&post=62674"},{"taxonomy":"post_tag","embeddable":true,"href":"https:\/\/www.farnost-strazske.sk\/index.php?rest_route=%2Fwp%2Fv2%2Ftags&post=62674"}],"curies":[{"name":"wp","href":"https:\/\/api.w.org\/{rel}","templated":true}]}}