{"id":62675,"date":"2025-12-01T18:58:00","date_gmt":"2025-12-01T18:58:00","guid":{"rendered":"https:\/\/www.farnost-strazske.sk\/?p=62675"},"modified":"2025-12-01T18:58:00","modified_gmt":"2025-12-01T18:58:00","slug":"mate-nadej-a-mate-cas-papez-lev-xiv-povzbudil-mladych-v-libanone","status":"publish","type":"post","link":"https:\/\/www.farnost-strazske.sk\/?p=62675","title":{"rendered":"\u201eM\u00e1te n\u00e1dej a m\u00e1te \u010das!\u201c \u2013 P\u00e1pe\u017e Lev XIV. povzbudil mlad\u00fdch v Libanone"},"content":{"rendered":"<p>Na n\u00e1mest\u00ed pred Maronitsk\u00fdm patriarch\u00e1tom v Bkerk\u00e9 sa 1. decembra stretli tis\u00edce mlad\u00fdch, aby priv\u00edtali p\u00e1pe\u017ea Leva XIV. po\u010das jeho apo\u0161tolskej cesty do Turecka a Libanonu. Sv\u00e4t\u00fd Otec ich pozdravil slovami \u201eAssalamu lakum!\u201c a vyzval ich, aby boli nosite\u013emi n\u00e1deje, tvorcami pokoja a \u017eiv\u00fdmi kore\u0148mi novej bud\u00facnosti svojej krajiny.<\/p>\n<p><a href=\"https:\/\/www.vaticannews.va\/sk\/papez\/news\/2025-12\/mate-nadej-a-mate-cas-papez-lev-xiv-povzbudil-mladych.html\">\u010c\u00edtaj cel\u00e9<\/a><\/p>\n<p>\u00a0<\/p>","protected":false},"excerpt":{"rendered":"<p>Na n\u00e1mest\u00ed pred Maronitsk\u00fdm patriarch\u00e1tom v Bkerk\u00e9 sa 1. decembra stretli tis\u00edce mlad\u00fdch, aby priv\u00edtali p\u00e1pe\u017ea Leva XIV. po\u010das jeho apo\u0161tolskej cesty do Turecka a Libanonu. Sv\u00e4t\u00fd Otec ich pozdravil slovami \u201eAssalamu lakum!\u201c a vyzval ich, aby boli nosite\u013emi n\u00e1deje, tvorcami pokoja a \u017eiv\u00fdmi kore\u0148mi novej bud\u00facnosti svojej krajiny. \u010c\u00edtaj cel\u00e9 \u00a0<\/p>\n","protected":false},"author":1,"featured_media":0,"comment_status":"closed","ping_status":"closed","sticky":false,"template":"","format":"standard","meta":{"ngg_post_thumbnail":0,"footnotes":""},"categories":[31],"tags":[],"class_list":["post-62675","post","type-post","status-publish","format-standard","hentry","category-spravy-z-vatikanu"],"views":23,"_links":{"self":[{"href":"https:\/\/www.farnost-strazske.sk\/index.php?rest_route=\/wp\/v2\/posts\/62675","targetHints":{"allow":["GET"]}}],"collection":[{"href":"https:\/\/www.farnost-strazske.sk\/index.php?rest_route=\/wp\/v2\/posts"}],"about":[{"href":"https:\/\/www.farnost-strazske.sk\/index.php?rest_route=\/wp\/v2\/types\/post"}],"author":[{"embeddable":true,"href":"https:\/\/www.farnost-strazske.sk\/index.php?rest_route=\/wp\/v2\/users\/1"}],"replies":[{"embeddable":true,"href":"https:\/\/www.farnost-strazske.sk\/index.php?rest_route=%2Fwp%2Fv2%2Fcomments&post=62675"}],"version-history":[{"count":0,"href":"https:\/\/www.farnost-strazske.sk\/index.php?rest_route=\/wp\/v2\/posts\/62675\/revisions"}],"wp:attachment":[{"href":"https:\/\/www.farnost-strazske.sk\/index.php?rest_route=%2Fwp%2Fv2%2Fmedia&parent=62675"}],"wp:term":[{"taxonomy":"category","embeddable":true,"href":"https:\/\/www.farnost-strazske.sk\/index.php?rest_route=%2Fwp%2Fv2%2Fcategories&post=62675"},{"taxonomy":"post_tag","embeddable":true,"href":"https:\/\/www.farnost-strazske.sk\/index.php?rest_route=%2Fwp%2Fv2%2Ftags&post=62675"}],"curies":[{"name":"wp","href":"https:\/\/api.w.org\/{rel}","templated":true}]}}