{"id":62676,"date":"2025-12-01T17:49:00","date_gmt":"2025-12-01T17:49:00","guid":{"rendered":"https:\/\/www.farnost-strazske.sk\/?p=62676"},"modified":"2025-12-01T17:49:00","modified_gmt":"2025-12-01T17:49:00","slug":"lev-xiv-libanon-je-povolany-byt-krajinou-dialogu-a-nadeje","status":"publish","type":"post","link":"https:\/\/www.farnost-strazske.sk\/?p=62676","title":{"rendered":"Lev XIV.: Libanon je povolan\u00fd by\u0165 krajinou dial\u00f3gu a n\u00e1deje"},"content":{"rendered":"<p>Na N\u00e1mest\u00ed Mu\u010den\u00edkov v Bejr\u00fate zazneli 1. decembra slov\u00e1 povzbudenia a n\u00e1deje pre v\u0161etk\u00fdch, ktor\u00ed h\u013eadaj\u00fa jednotu a pokoj. V krajine prorokov, kde sa minarety a kostoln\u00e9 ve\u017ee t\u00fd\u010dia bok po boku, zaznelo pozvanie budova\u0165 vz\u00e1jomn\u00fa \u00factu, obnovova\u0165 priate\u013estvo medzi n\u00e1bo\u017eenstvami a spolo\u010dne objavova\u0165 Bo\u017eiu pr\u00edtomnos\u0165 za v\u0161etk\u00fdmi hranicami, o tom hovoril Lev XIV. na ekumenickom a medzin\u00e1bo\u017eenskom stretnut\u00ed.<\/p>\n<p><a href=\"https:\/\/www.vaticannews.va\/sk\/papez\/news\/2025-12\/lev-xiv-libanon-je-povolany-byt-krajinou-dialogu-a-nadeje.html\">\u010c\u00edtaj cel\u00e9<\/a><\/p>\n<p>\u00a0<\/p>","protected":false},"excerpt":{"rendered":"<p>Na N\u00e1mest\u00ed Mu\u010den\u00edkov v Bejr\u00fate zazneli 1. decembra slov\u00e1 povzbudenia a n\u00e1deje pre v\u0161etk\u00fdch, ktor\u00ed h\u013eadaj\u00fa jednotu a pokoj. V krajine prorokov, kde sa minarety a kostoln\u00e9 ve\u017ee t\u00fd\u010dia bok po boku, zaznelo pozvanie budova\u0165 vz\u00e1jomn\u00fa \u00factu, obnovova\u0165 priate\u013estvo medzi n\u00e1bo\u017eenstvami a spolo\u010dne objavova\u0165 Bo\u017eiu pr\u00edtomnos\u0165 za v\u0161etk\u00fdmi hranicami, o tom hovoril Lev XIV. na [&hellip;]<\/p>\n","protected":false},"author":1,"featured_media":0,"comment_status":"closed","ping_status":"closed","sticky":false,"template":"","format":"standard","meta":{"ngg_post_thumbnail":0,"footnotes":""},"categories":[31],"tags":[],"class_list":["post-62676","post","type-post","status-publish","format-standard","hentry","category-spravy-z-vatikanu"],"views":18,"_links":{"self":[{"href":"https:\/\/www.farnost-strazske.sk\/index.php?rest_route=\/wp\/v2\/posts\/62676","targetHints":{"allow":["GET"]}}],"collection":[{"href":"https:\/\/www.farnost-strazske.sk\/index.php?rest_route=\/wp\/v2\/posts"}],"about":[{"href":"https:\/\/www.farnost-strazske.sk\/index.php?rest_route=\/wp\/v2\/types\/post"}],"author":[{"embeddable":true,"href":"https:\/\/www.farnost-strazske.sk\/index.php?rest_route=\/wp\/v2\/users\/1"}],"replies":[{"embeddable":true,"href":"https:\/\/www.farnost-strazske.sk\/index.php?rest_route=%2Fwp%2Fv2%2Fcomments&post=62676"}],"version-history":[{"count":0,"href":"https:\/\/www.farnost-strazske.sk\/index.php?rest_route=\/wp\/v2\/posts\/62676\/revisions"}],"wp:attachment":[{"href":"https:\/\/www.farnost-strazske.sk\/index.php?rest_route=%2Fwp%2Fv2%2Fmedia&parent=62676"}],"wp:term":[{"taxonomy":"category","embeddable":true,"href":"https:\/\/www.farnost-strazske.sk\/index.php?rest_route=%2Fwp%2Fv2%2Fcategories&post=62676"},{"taxonomy":"post_tag","embeddable":true,"href":"https:\/\/www.farnost-strazske.sk\/index.php?rest_route=%2Fwp%2Fv2%2Ftags&post=62676"}],"curies":[{"name":"wp","href":"https:\/\/api.w.org\/{rel}","templated":true}]}}