{"id":62678,"date":"2025-12-01T11:49:00","date_gmt":"2025-12-01T11:49:00","guid":{"rendered":"https:\/\/www.farnost-strazske.sk\/?p=62678"},"modified":"2025-12-01T11:49:00","modified_gmt":"2025-12-01T11:49:00","slug":"papez-libanonskym-duchovnym-v-zranenom-svete-budte-vonou-krista","status":"publish","type":"post","link":"https:\/\/www.farnost-strazske.sk\/?p=62678","title":{"rendered":"P\u00e1pe\u017e libanonsk\u00fdm duchovn\u00fdm: V zranenom svete bu\u010fte v\u00f4\u0148ou Krista"},"content":{"rendered":"<p>Sv\u00e4t\u00fd Otec sa v Sv\u00e4tyni Panny M\u00e1rie Libanonskej v Harisse stretol s biskupmi, k\u0148azmi, zasv\u00e4ten\u00fdmi osobami a pastora\u010dn\u00fdmi pracovn\u00edkmi. V pr\u00edhovore ich povzbudil, aby uprostred sk\u00fa\u0161ok zostali tvorcami jednoty, opierali sa o silu modlitby a mali odvahu pon\u00faka\u0165 mlad\u00fdm perspekt\u00edvy obnovy. Ocenil svedectv\u00e1 prijatia ute\u010dencov, slu\u017eby chudobn\u00fdm, vernosti v extr\u00e9mnych situ\u00e1ci\u00e1ch a vyzdvihol l\u00e1sku, ktor\u00e1 aj v temnote prin\u00e1\u0161a svetlo a premie\u0148a utrpenie na n\u00e1dej.<\/p>\n<p><a href=\"https:\/\/www.vaticannews.va\/sk\/papez\/news\/2025-12\/papez-libanonskym-duchovnym-v-zranenom-svete-budte-vonou-krista.html\">\u010c\u00edtaj cel\u00e9<\/a><\/p>\n<p>\u00a0<\/p>","protected":false},"excerpt":{"rendered":"<p>Sv\u00e4t\u00fd Otec sa v Sv\u00e4tyni Panny M\u00e1rie Libanonskej v Harisse stretol s biskupmi, k\u0148azmi, zasv\u00e4ten\u00fdmi osobami a pastora\u010dn\u00fdmi pracovn\u00edkmi. V pr\u00edhovore ich povzbudil, aby uprostred sk\u00fa\u0161ok zostali tvorcami jednoty, opierali sa o silu modlitby a mali odvahu pon\u00faka\u0165 mlad\u00fdm perspekt\u00edvy obnovy. Ocenil svedectv\u00e1 prijatia ute\u010dencov, slu\u017eby chudobn\u00fdm, vernosti v extr\u00e9mnych situ\u00e1ci\u00e1ch a vyzdvihol l\u00e1sku, ktor\u00e1 [&hellip;]<\/p>\n","protected":false},"author":1,"featured_media":0,"comment_status":"closed","ping_status":"closed","sticky":false,"template":"","format":"standard","meta":{"ngg_post_thumbnail":0,"footnotes":""},"categories":[31],"tags":[],"class_list":["post-62678","post","type-post","status-publish","format-standard","hentry","category-spravy-z-vatikanu"],"views":27,"_links":{"self":[{"href":"https:\/\/www.farnost-strazske.sk\/index.php?rest_route=\/wp\/v2\/posts\/62678","targetHints":{"allow":["GET"]}}],"collection":[{"href":"https:\/\/www.farnost-strazske.sk\/index.php?rest_route=\/wp\/v2\/posts"}],"about":[{"href":"https:\/\/www.farnost-strazske.sk\/index.php?rest_route=\/wp\/v2\/types\/post"}],"author":[{"embeddable":true,"href":"https:\/\/www.farnost-strazske.sk\/index.php?rest_route=\/wp\/v2\/users\/1"}],"replies":[{"embeddable":true,"href":"https:\/\/www.farnost-strazske.sk\/index.php?rest_route=%2Fwp%2Fv2%2Fcomments&post=62678"}],"version-history":[{"count":0,"href":"https:\/\/www.farnost-strazske.sk\/index.php?rest_route=\/wp\/v2\/posts\/62678\/revisions"}],"wp:attachment":[{"href":"https:\/\/www.farnost-strazske.sk\/index.php?rest_route=%2Fwp%2Fv2%2Fmedia&parent=62678"}],"wp:term":[{"taxonomy":"category","embeddable":true,"href":"https:\/\/www.farnost-strazske.sk\/index.php?rest_route=%2Fwp%2Fv2%2Fcategories&post=62678"},{"taxonomy":"post_tag","embeddable":true,"href":"https:\/\/www.farnost-strazske.sk\/index.php?rest_route=%2Fwp%2Fv2%2Ftags&post=62678"}],"curies":[{"name":"wp","href":"https:\/\/api.w.org\/{rel}","templated":true}]}}