{"id":62679,"date":"2025-12-01T10:01:00","date_gmt":"2025-12-01T10:01:00","guid":{"rendered":"https:\/\/www.farnost-strazske.sk\/?p=62679"},"modified":"2025-12-01T10:01:00","modified_gmt":"2025-12-01T10:01:00","slug":"modlitba-ticho-skromnost-chudoba-papez-nacrtol-odkaz-svateho-charbela-svetu","status":"publish","type":"post","link":"https:\/\/www.farnost-strazske.sk\/?p=62679","title":{"rendered":"\u201eModlitba, ticho, skromnos\u0165, chudoba.\u201c P\u00e1pe\u017e na\u010drtol odkaz sv\u00e4t\u00e9ho Charbela svetu"},"content":{"rendered":"<p>Pri svojej n\u00e1v\u0161teve v Annaye sa p\u00e1pe\u017e Lev XIV. modlil pri hrobe sv\u00e4t\u00e9ho Charbela a zveril jeho pr\u00edhovoru potreby Cirkvi, Libanonu a cel\u00e9ho sveta. Sv\u00e4tca ozna\u010dil za u\u010dite\u013ea modlitby, ticha, skromnosti a chudoby a ako symbol n\u00e1deje pre libanonsk\u00fd n\u00e1rod priniesol do kl\u00e1\u0161tora lampu.<\/p>\n<p><a href=\"https:\/\/www.vaticannews.va\/sk\/papez\/news\/2025-12\/modlitba-ticho-skromnost-chudoba-papez-nacrtol-charbel.html\">\u010c\u00edtaj cel\u00e9<\/a><\/p>\n<p>\u00a0<\/p>","protected":false},"excerpt":{"rendered":"<p>Pri svojej n\u00e1v\u0161teve v Annaye sa p\u00e1pe\u017e Lev XIV. modlil pri hrobe sv\u00e4t\u00e9ho Charbela a zveril jeho pr\u00edhovoru potreby Cirkvi, Libanonu a cel\u00e9ho sveta. Sv\u00e4tca ozna\u010dil za u\u010dite\u013ea modlitby, ticha, skromnosti a chudoby a ako symbol n\u00e1deje pre libanonsk\u00fd n\u00e1rod priniesol do kl\u00e1\u0161tora lampu. \u010c\u00edtaj cel\u00e9 \u00a0<\/p>\n","protected":false},"author":1,"featured_media":0,"comment_status":"closed","ping_status":"closed","sticky":false,"template":"","format":"standard","meta":{"ngg_post_thumbnail":0,"footnotes":""},"categories":[31],"tags":[],"class_list":["post-62679","post","type-post","status-publish","format-standard","hentry","category-spravy-z-vatikanu"],"views":39,"_links":{"self":[{"href":"https:\/\/www.farnost-strazske.sk\/index.php?rest_route=\/wp\/v2\/posts\/62679","targetHints":{"allow":["GET"]}}],"collection":[{"href":"https:\/\/www.farnost-strazske.sk\/index.php?rest_route=\/wp\/v2\/posts"}],"about":[{"href":"https:\/\/www.farnost-strazske.sk\/index.php?rest_route=\/wp\/v2\/types\/post"}],"author":[{"embeddable":true,"href":"https:\/\/www.farnost-strazske.sk\/index.php?rest_route=\/wp\/v2\/users\/1"}],"replies":[{"embeddable":true,"href":"https:\/\/www.farnost-strazske.sk\/index.php?rest_route=%2Fwp%2Fv2%2Fcomments&post=62679"}],"version-history":[{"count":0,"href":"https:\/\/www.farnost-strazske.sk\/index.php?rest_route=\/wp\/v2\/posts\/62679\/revisions"}],"wp:attachment":[{"href":"https:\/\/www.farnost-strazske.sk\/index.php?rest_route=%2Fwp%2Fv2%2Fmedia&parent=62679"}],"wp:term":[{"taxonomy":"category","embeddable":true,"href":"https:\/\/www.farnost-strazske.sk\/index.php?rest_route=%2Fwp%2Fv2%2Fcategories&post=62679"},{"taxonomy":"post_tag","embeddable":true,"href":"https:\/\/www.farnost-strazske.sk\/index.php?rest_route=%2Fwp%2Fv2%2Ftags&post=62679"}],"curies":[{"name":"wp","href":"https:\/\/api.w.org\/{rel}","templated":true}]}}