{"id":62680,"date":"2025-12-02T14:25:00","date_gmt":"2025-12-02T14:25:00","guid":{"rendered":"https:\/\/www.farnost-strazske.sk\/?p=62680"},"modified":"2025-12-02T14:25:00","modified_gmt":"2025-12-02T14:25:00","slug":"papez-pocas-rozluckoveho-ceremonialu-rozhodujme-sa-vsetci-pre-mier-ako-cestu","status":"publish","type":"post","link":"https:\/\/www.farnost-strazske.sk\/?p=62680","title":{"rendered":"P\u00e1pe\u017e po\u010das rozl\u00fa\u010dkov\u00e9ho ceremoni\u00e1lu: Rozhodujme sa v\u0161etci pre mier ako cestu"},"content":{"rendered":"<p>P\u00e1pe\u017e Lev XIV. v utorok 2. decembra uzavrel svoju apo\u0161tolsk\u00fa cestu, po\u010das ktorej nav\u0161t\u00edvil Turecko a Libanon. Popoludn\u00ed odletel z bejr\u00fatskeho letiska nasp\u00e4\u0165 do R\u00edma. Vo svojom z\u00e1vere\u010dnom pr\u00edhovore libanonsk\u00e9mu \u013eudu sa po\u010fakoval za ich srde\u010dnos\u0165 a ocenil hlbok\u00e9 duchovn\u00e9 korene krajiny. Prin\u00e1\u0161ame posolstvo Sv\u00e4t\u00e9ho Otca v plnom znen\u00ed. <\/p>\n<p><a href=\"https:\/\/www.vaticannews.va\/sk\/papez\/news\/2025-12\/papez-pocas-rozluckoveho-ceremonialu-rozhodujme-sa-vsetci.html\">\u010c\u00edtaj cel\u00e9<\/a><\/p>\n<p>\u00a0<\/p>","protected":false},"excerpt":{"rendered":"<p>P\u00e1pe\u017e Lev XIV. v utorok 2. decembra uzavrel svoju apo\u0161tolsk\u00fa cestu, po\u010das ktorej nav\u0161t\u00edvil Turecko a Libanon. Popoludn\u00ed odletel z bejr\u00fatskeho letiska nasp\u00e4\u0165 do R\u00edma. Vo svojom z\u00e1vere\u010dnom pr\u00edhovore libanonsk\u00e9mu \u013eudu sa po\u010fakoval za ich srde\u010dnos\u0165 a ocenil hlbok\u00e9 duchovn\u00e9 korene krajiny. Prin\u00e1\u0161ame posolstvo Sv\u00e4t\u00e9ho Otca v plnom znen\u00ed. \u010c\u00edtaj cel\u00e9 \u00a0<\/p>\n","protected":false},"author":1,"featured_media":0,"comment_status":"closed","ping_status":"closed","sticky":false,"template":"","format":"standard","meta":{"ngg_post_thumbnail":0,"footnotes":""},"categories":[31],"tags":[],"class_list":["post-62680","post","type-post","status-publish","format-standard","hentry","category-spravy-z-vatikanu"],"views":20,"_links":{"self":[{"href":"https:\/\/www.farnost-strazske.sk\/index.php?rest_route=\/wp\/v2\/posts\/62680","targetHints":{"allow":["GET"]}}],"collection":[{"href":"https:\/\/www.farnost-strazske.sk\/index.php?rest_route=\/wp\/v2\/posts"}],"about":[{"href":"https:\/\/www.farnost-strazske.sk\/index.php?rest_route=\/wp\/v2\/types\/post"}],"author":[{"embeddable":true,"href":"https:\/\/www.farnost-strazske.sk\/index.php?rest_route=\/wp\/v2\/users\/1"}],"replies":[{"embeddable":true,"href":"https:\/\/www.farnost-strazske.sk\/index.php?rest_route=%2Fwp%2Fv2%2Fcomments&post=62680"}],"version-history":[{"count":0,"href":"https:\/\/www.farnost-strazske.sk\/index.php?rest_route=\/wp\/v2\/posts\/62680\/revisions"}],"wp:attachment":[{"href":"https:\/\/www.farnost-strazske.sk\/index.php?rest_route=%2Fwp%2Fv2%2Fmedia&parent=62680"}],"wp:term":[{"taxonomy":"category","embeddable":true,"href":"https:\/\/www.farnost-strazske.sk\/index.php?rest_route=%2Fwp%2Fv2%2Fcategories&post=62680"},{"taxonomy":"post_tag","embeddable":true,"href":"https:\/\/www.farnost-strazske.sk\/index.php?rest_route=%2Fwp%2Fv2%2Ftags&post=62680"}],"curies":[{"name":"wp","href":"https:\/\/api.w.org\/{rel}","templated":true}]}}