{"id":62681,"date":"2025-12-02T14:18:00","date_gmt":"2025-12-02T14:18:00","guid":{"rendered":"https:\/\/www.farnost-strazske.sk\/?p=62681"},"modified":"2025-12-02T14:18:00","modified_gmt":"2025-12-02T14:18:00","slug":"lev-xiv-zdravotnikom-starostlivost-o-chorych-je-hmatatelnym-znakom-milosrdnej-kristovej-lasky","status":"publish","type":"post","link":"https:\/\/www.farnost-strazske.sk\/?p=62681","title":{"rendered":"Lev XIV. zdravotn\u00edkom: Starostlivos\u0165 o chor\u00fdch je hmatate\u013en\u00fdm znakom milosrdnej Kristovej l\u00e1sky"},"content":{"rendered":"<p>P\u00e1pe\u017e Lev XIV. po\u010das apo\u0161tolskej cesty do Libanonu nav\u0161t\u00edvil v utorok 2. decembra bejr\u00fatsku psychiatrick\u00fa Nemocnicu La Croix, kde sa prihovoril chor\u00fdm a zdravotn\u00edkom. Vo svojom posolstve zd\u00f4raznil hodnotu slu\u017eby trpiacim, povzbudil person\u00e1l v ich n\u00e1ro\u010dnom poslan\u00ed a pripomenul, \u017ee na tv\u00e1rach chudobn\u00fdch a zranite\u013en\u00fdch sa zrkadl\u00ed samotn\u00fd Kristus.<\/p>\n<p><a href=\"https:\/\/www.vaticannews.va\/sk\/papez\/news\/2025-12\/lev-xiv-zdravotnikom-starostlivost-o-chorych-je-hmatatelnym.html\">\u010c\u00edtaj cel\u00e9<\/a><\/p>\n<p>\u00a0<\/p>","protected":false},"excerpt":{"rendered":"<p>P\u00e1pe\u017e Lev XIV. po\u010das apo\u0161tolskej cesty do Libanonu nav\u0161t\u00edvil v utorok 2. decembra bejr\u00fatsku psychiatrick\u00fa Nemocnicu La Croix, kde sa prihovoril chor\u00fdm a zdravotn\u00edkom. Vo svojom posolstve zd\u00f4raznil hodnotu slu\u017eby trpiacim, povzbudil person\u00e1l v ich n\u00e1ro\u010dnom poslan\u00ed a pripomenul, \u017ee na tv\u00e1rach chudobn\u00fdch a zranite\u013en\u00fdch sa zrkadl\u00ed samotn\u00fd Kristus. \u010c\u00edtaj cel\u00e9 \u00a0<\/p>\n","protected":false},"author":1,"featured_media":0,"comment_status":"closed","ping_status":"closed","sticky":false,"template":"","format":"standard","meta":{"ngg_post_thumbnail":0,"footnotes":""},"categories":[31],"tags":[],"class_list":["post-62681","post","type-post","status-publish","format-standard","hentry","category-spravy-z-vatikanu"],"views":20,"_links":{"self":[{"href":"https:\/\/www.farnost-strazske.sk\/index.php?rest_route=\/wp\/v2\/posts\/62681","targetHints":{"allow":["GET"]}}],"collection":[{"href":"https:\/\/www.farnost-strazske.sk\/index.php?rest_route=\/wp\/v2\/posts"}],"about":[{"href":"https:\/\/www.farnost-strazske.sk\/index.php?rest_route=\/wp\/v2\/types\/post"}],"author":[{"embeddable":true,"href":"https:\/\/www.farnost-strazske.sk\/index.php?rest_route=\/wp\/v2\/users\/1"}],"replies":[{"embeddable":true,"href":"https:\/\/www.farnost-strazske.sk\/index.php?rest_route=%2Fwp%2Fv2%2Fcomments&post=62681"}],"version-history":[{"count":0,"href":"https:\/\/www.farnost-strazske.sk\/index.php?rest_route=\/wp\/v2\/posts\/62681\/revisions"}],"wp:attachment":[{"href":"https:\/\/www.farnost-strazske.sk\/index.php?rest_route=%2Fwp%2Fv2%2Fmedia&parent=62681"}],"wp:term":[{"taxonomy":"category","embeddable":true,"href":"https:\/\/www.farnost-strazske.sk\/index.php?rest_route=%2Fwp%2Fv2%2Fcategories&post=62681"},{"taxonomy":"post_tag","embeddable":true,"href":"https:\/\/www.farnost-strazske.sk\/index.php?rest_route=%2Fwp%2Fv2%2Ftags&post=62681"}],"curies":[{"name":"wp","href":"https:\/\/api.w.org\/{rel}","templated":true}]}}