{"id":62682,"date":"2025-12-02T13:57:00","date_gmt":"2025-12-02T13:57:00","guid":{"rendered":"https:\/\/www.farnost-strazske.sk\/?p=62682"},"modified":"2025-12-02T13:57:00","modified_gmt":"2025-12-02T13:57:00","slug":"papez-predstavitelom-krajin-nacuvajte-nareku-ludi-volajucich-po-mieri","status":"publish","type":"post","link":"https:\/\/www.farnost-strazske.sk\/?p=62682","title":{"rendered":"P\u00e1pe\u017e predstavite\u013eom kraj\u00edn: Na\u010d\u00favajte n\u00e1reku \u013eud\u00ed volaj\u00facich po mieri!"},"content":{"rendered":"<p>Lev XIV. v z\u00e1vere sv\u00e4tej om\u0161e v Bejr\u00fate v utorok 2. decembra po\u010das svojej apo\u0161tolskej cesty mocne apeloval na mier na Bl\u00edzkom v\u00fdchode i v Guinei-Bissau. \u201eMus\u00edme zmeni\u0165 kurz, mus\u00edme vychov\u00e1va\u0165 na\u0161e srdcia k mieru\u201c, vyzval p\u00e1pe\u017e a pripomenul, \u017ee nezab\u00fada ani na obete po\u017eiaru v Honkongu. Predstavite\u013eom kraj\u00edn v konfliktoch adresoval slov\u00e1: \u201eNa\u010d\u00favajte n\u00e1reku va\u0161ich \u013eud\u00ed, ktor\u00ed volaj\u00fa po mieri! V\u0161etci sa dajme do slu\u017eieb \u017eivota, spolo\u010dn\u00e9ho dobra a integr\u00e1lneho rozvoja \u013eud\u00ed.\u201c<\/p>\n<p><a href=\"https:\/\/www.vaticannews.va\/sk\/papez\/news\/2025-12\/papez-predstavitelom-krajin-nacuvajte-nareku-ludi-volajucich-po.html\">\u010c\u00edtaj cel\u00e9<\/a><\/p>\n<p>\u00a0<\/p>","protected":false},"excerpt":{"rendered":"<p>Lev XIV. v z\u00e1vere sv\u00e4tej om\u0161e v Bejr\u00fate v utorok 2. decembra po\u010das svojej apo\u0161tolskej cesty mocne apeloval na mier na Bl\u00edzkom v\u00fdchode i v Guinei-Bissau. \u201eMus\u00edme zmeni\u0165 kurz, mus\u00edme vychov\u00e1va\u0165 na\u0161e srdcia k mieru\u201c, vyzval p\u00e1pe\u017e a pripomenul, \u017ee nezab\u00fada ani na obete po\u017eiaru v Honkongu. Predstavite\u013eom kraj\u00edn v konfliktoch adresoval slov\u00e1: \u201eNa\u010d\u00favajte n\u00e1reku [&hellip;]<\/p>\n","protected":false},"author":1,"featured_media":0,"comment_status":"closed","ping_status":"closed","sticky":false,"template":"","format":"standard","meta":{"ngg_post_thumbnail":0,"footnotes":""},"categories":[31],"tags":[],"class_list":["post-62682","post","type-post","status-publish","format-standard","hentry","category-spravy-z-vatikanu"],"views":22,"_links":{"self":[{"href":"https:\/\/www.farnost-strazske.sk\/index.php?rest_route=\/wp\/v2\/posts\/62682","targetHints":{"allow":["GET"]}}],"collection":[{"href":"https:\/\/www.farnost-strazske.sk\/index.php?rest_route=\/wp\/v2\/posts"}],"about":[{"href":"https:\/\/www.farnost-strazske.sk\/index.php?rest_route=\/wp\/v2\/types\/post"}],"author":[{"embeddable":true,"href":"https:\/\/www.farnost-strazske.sk\/index.php?rest_route=\/wp\/v2\/users\/1"}],"replies":[{"embeddable":true,"href":"https:\/\/www.farnost-strazske.sk\/index.php?rest_route=%2Fwp%2Fv2%2Fcomments&post=62682"}],"version-history":[{"count":0,"href":"https:\/\/www.farnost-strazske.sk\/index.php?rest_route=\/wp\/v2\/posts\/62682\/revisions"}],"wp:attachment":[{"href":"https:\/\/www.farnost-strazske.sk\/index.php?rest_route=%2Fwp%2Fv2%2Fmedia&parent=62682"}],"wp:term":[{"taxonomy":"category","embeddable":true,"href":"https:\/\/www.farnost-strazske.sk\/index.php?rest_route=%2Fwp%2Fv2%2Fcategories&post=62682"},{"taxonomy":"post_tag","embeddable":true,"href":"https:\/\/www.farnost-strazske.sk\/index.php?rest_route=%2Fwp%2Fv2%2Ftags&post=62682"}],"curies":[{"name":"wp","href":"https:\/\/api.w.org\/{rel}","templated":true}]}}