{"id":62818,"date":"2026-01-04T22:20:00","date_gmt":"2026-01-04T22:20:00","guid":{"rendered":"https:\/\/www.farnost-strazske.sk\/?p=62818"},"modified":"2026-01-04T23:22:50","modified_gmt":"2026-01-04T23:22:50","slug":"liturgicky-prehlad-a-oznamy-5-1-11-1-2026","status":"publish","type":"post","link":"https:\/\/www.farnost-strazske.sk\/?p=62818","title":{"rendered":"Liturgick\u00fd preh\u013ead a\u00a0oznamy 5.1. \u2013 11.1.2026"},"content":{"rendered":"<table width=\"97%\">\n<tbody>\n<tr>\n<td width=\"28%\">\n<p style=\"text-align: center;\"><strong>Pondelok \/05.01.\/<\/strong><\/p>\n<p style=\"text-align: center;\"><em>f\u00e9ria<\/em><\/p>\n<\/td>\n<td width=\"33%\"><strong>18.00 Str\u00e1\u017eske<\/strong><br \/>\nZBP Jozef a&nbsp;ROD Adamikov\u00e1<\/td>\n<td width=\"33%\"><strong>17.00 Brekov<br \/>\n<\/strong>+ \u013dudmila Tom\u010dov\u00e1<\/td>\n<\/tr>\n<tr>\n<td width=\"28%\">\n<p style=\"text-align: center;\"><strong>Utorok \/06.01.\/<\/strong><\/p>\n<p style=\"text-align: center;\"><strong>Sl\u00e1vnos\u0165 Zjavenia P\u00e1na,<\/strong> (prik\u00e1zan\u00fd sviatok)<\/p>\n<\/td>\n<td width=\"33%\"><strong>08.00 Krivo\u0161\u0165any<br \/>\n<\/strong>ZBP pre J\u00e1na<\/p>\n<p><strong>10.30 Str\u00e1\u017eske<br \/>\n<\/strong>ZBP Peter Dzurilla s&nbsp;rodinou<\/p>\n<p><strong>18.15 Str\u00e1\u017eske<\/strong><br \/>\nZBP Tom\u00e1\u0161 Nov\u00e1k<\/td>\n<td width=\"33%\"><strong>09.15 Pust\u00e9 \u010cemern\u00e9<br \/>\n<\/strong>Za veriacich farnosti<\/p>\n<p><strong>09.15 Brekov<br \/>\n<\/strong>ZBP Marcela Demeterov\u00e1<\/td>\n<\/tr>\n<tr>\n<td width=\"28%\">\n<p style=\"text-align: center;\"><strong>Streda \/07.01.\/<\/strong><\/p>\n<p style=\"text-align: center;\"><em>f\u00e9ria<\/em><\/p>\n<\/td>\n<td width=\"33%\"><strong>18.00 Str\u00e1\u017eske<br \/>\n<\/strong>ZBP Martina Va\u0161kov\u00e1<\/td>\n<td width=\"33%\"><strong>17.00 Brekov<br \/>\n<\/strong>+ J\u00e1n Demeter<\/td>\n<\/tr>\n<tr>\n<td width=\"28%\">\n<p style=\"text-align: center;\"><strong>\u0160tvrtok \/08.01.\/<\/strong><\/p>\n<p style=\"text-align: center;\"><em>f\u00e9ria<\/em><\/p>\n<\/td>\n<td width=\"33%\"><em><u>15.00 Str\u00e1\u017eske-ADOR\u00c1CIA<\/u><\/em><\/p>\n<p><strong>18.00 Str\u00e1\u017eske<br \/>\n<\/strong>+ Vojtech Dankanin &#8211; v\u00fdro\u010dn\u00e1<\/td>\n<td width=\"33%\">&nbsp;<\/td>\n<\/tr>\n<tr>\n<td width=\"28%\">\n<p style=\"text-align: center;\"><strong>Piatok \/09.01.\/<\/strong><\/p>\n<p style=\"text-align: center;\"><em>f\u00e9ria<\/em><\/p>\n<\/td>\n<td width=\"33%\"><strong>18.00 Str\u00e1\u017eske<br \/>\n<\/strong>+ Anna a&nbsp;Pavol Klacikov\u00ed<\/td>\n<td width=\"33%\"><strong>17.00 Brekov<br \/>\n<\/strong>+ Anna a&nbsp;Michal Miha\u013eko<br \/>\n<em>+ <\/em>ROD Miha\u013ekov\u00e1<\/td>\n<\/tr>\n<tr>\n<td width=\"28%\">\n<p style=\"text-align: center;\"><strong>Sobota \/10.01.\/<\/strong><\/p>\n<p style=\"text-align: center;\"><em>f\u00e9ria<\/em><\/p>\n<\/td>\n<td width=\"33%\"><strong>18.00 Str\u00e1\u017eske<br \/>\n<\/strong>+ Stanislav Dem\u010d\u00e1k (1. v\u00fdr)<\/td>\n<td width=\"33%\"><strong>17.00 Brekov<br \/>\n<\/strong>ZBP ROD Grajcarov\u00e1 a Deasov\u00e1<\/td>\n<\/tr>\n<tr>\n<td width=\"28%\">\n<p style=\"text-align: center;\"><strong>Nede\u013ea \/11.01.\/<\/strong><\/p>\n<p style=\"text-align: center;\"><strong>Nede\u013ea Krstu Krista P\u00e1na<\/strong><\/p>\n<\/td>\n<td width=\"33%\"><strong>08.00 Krivo\u0161\u0165any<br \/>\n<\/strong>Na \u00famysel ordin\u00e1ra<\/p>\n<p><strong>10.30 Str\u00e1\u017eske<br \/>\n<\/strong>ZBP Rebeka a&nbsp;Tobias Dubjak<\/p>\n<p><strong>18.15 Str\u00e1\u017eske<\/strong><br \/>\nZa veriacich farnosti<\/td>\n<td width=\"33%\"><strong>09.15 Pust\u00e9 \u010cemern\u00e9<\/strong><\/p>\n<p><strong>09.15 Brekov<br \/>\n<\/strong>ZBP Ter\u00e9zia Pohankov\u00e1<\/td>\n<\/tr>\n<\/tbody>\n<\/table>\n<ul>\n<li><strong>Po\u017eehnanie pr\u00edbytkov v nede\u013eu&nbsp; P. \u010cemern\u00e9 (12.15) &nbsp;a &nbsp;Krivo\u0161\u0165any (14.30)<\/strong><\/li>\n<li><strong>Po\u017eehnanie pr\u00edbytkov v&nbsp;utorok &#8211; Brekov 13.00;&nbsp; &nbsp;Str\u00e1\u017eske 13.00; <\/strong><\/li>\n<li><strong>\u010eakujeme za ka\u017ed\u00fa va\u0161u slu\u017ebu , modlitbu a&nbsp;obetu pre farnos\u0165 v&nbsp;uplynulom t\u00fd\u017edni<\/strong><\/li>\n<\/ul>\n","protected":false},"excerpt":{"rendered":"<p>Pondelok \/05.01.\/ f\u00e9ria 18.00 Str\u00e1\u017eske ZBP Jozef a&nbsp;ROD Adamikov\u00e1 17.00 Brekov + \u013dudmila Tom\u010dov\u00e1 Utorok \/06.01.\/ Sl\u00e1vnos\u0165 Zjavenia P\u00e1na, (prik\u00e1zan\u00fd sviatok) 08.00 Krivo\u0161\u0165any ZBP pre J\u00e1na 10.30 Str\u00e1\u017eske ZBP Peter Dzurilla s&nbsp;rodinou 18.15 Str\u00e1\u017eske ZBP Tom\u00e1\u0161 Nov\u00e1k 09.15 Pust\u00e9 \u010cemern\u00e9 Za veriacich farnosti 09.15 Brekov ZBP Marcela Demeterov\u00e1 Streda \/07.01.\/ f\u00e9ria 18.00 Str\u00e1\u017eske ZBP Martina [&hellip;]<\/p>\n","protected":false},"author":1,"featured_media":0,"comment_status":"closed","ping_status":"closed","sticky":false,"template":"","format":"standard","meta":{"ngg_post_thumbnail":0,"footnotes":""},"categories":[4],"tags":[],"class_list":["post-62818","post","type-post","status-publish","format-standard","hentry","category-farske-oznamy"],"views":836,"_links":{"self":[{"href":"https:\/\/www.farnost-strazske.sk\/index.php?rest_route=\/wp\/v2\/posts\/62818","targetHints":{"allow":["GET"]}}],"collection":[{"href":"https:\/\/www.farnost-strazske.sk\/index.php?rest_route=\/wp\/v2\/posts"}],"about":[{"href":"https:\/\/www.farnost-strazske.sk\/index.php?rest_route=\/wp\/v2\/types\/post"}],"author":[{"embeddable":true,"href":"https:\/\/www.farnost-strazske.sk\/index.php?rest_route=\/wp\/v2\/users\/1"}],"replies":[{"embeddable":true,"href":"https:\/\/www.farnost-strazske.sk\/index.php?rest_route=%2Fwp%2Fv2%2Fcomments&post=62818"}],"version-history":[{"count":1,"href":"https:\/\/www.farnost-strazske.sk\/index.php?rest_route=\/wp\/v2\/posts\/62818\/revisions"}],"predecessor-version":[{"id":62819,"href":"https:\/\/www.farnost-strazske.sk\/index.php?rest_route=\/wp\/v2\/posts\/62818\/revisions\/62819"}],"wp:attachment":[{"href":"https:\/\/www.farnost-strazske.sk\/index.php?rest_route=%2Fwp%2Fv2%2Fmedia&parent=62818"}],"wp:term":[{"taxonomy":"category","embeddable":true,"href":"https:\/\/www.farnost-strazske.sk\/index.php?rest_route=%2Fwp%2Fv2%2Fcategories&post=62818"},{"taxonomy":"post_tag","embeddable":true,"href":"https:\/\/www.farnost-strazske.sk\/index.php?rest_route=%2Fwp%2Fv2%2Ftags&post=62818"}],"curies":[{"name":"wp","href":"https:\/\/api.w.org\/{rel}","templated":true}]}}