{"id":62823,"date":"2026-01-05T15:57:00","date_gmt":"2026-01-05T15:57:00","guid":{"rendered":"https:\/\/www.farnost-strazske.sk\/?p=62823"},"modified":"2026-01-05T15:57:00","modified_gmt":"2026-01-05T15:57:00","slug":"papez-lev-xiv-po-modlitbe-anjel-pana-prejavil-smutok-nad-tragediou-vo-svajciarsku","status":"publish","type":"post","link":"https:\/\/www.farnost-strazske.sk\/?p=62823","title":{"rendered":"P\u00e1pe\u017e Lev XIV. po modlitbe Anjel P\u00e1na prejavil sm\u00fatok nad trag\u00e9diou vo \u0160vaj\u010diarsku"},"content":{"rendered":"<p>Po mari\u00e1nskej modlitbe Anjel P\u00e1na sa Sv\u00e4t\u00fd Otec prihovoril veriacim zhroma\u017eden\u00fdm na N\u00e1mest\u00ed sv. Petra, ako aj p\u00fatnikom z r\u00f4znych kraj\u00edn sveta. Na \u00favod vyjadril svoju bl\u00edzkos\u0165 v\u0161etk\u00fdm, ktor\u00ed pre\u017e\u00edvaj\u00fa boles\u0165 v d\u00f4sledku trag\u00e9die, ku ktorej do\u0161lo v Crans-Montane vo \u0160vaj\u010diarsku.<\/p>\n<p><a href=\"https:\/\/www.vaticannews.va\/sk\/papez\/news\/2026-01\/papez-lev-xiv-po-modlitbe-anjel-pana-prejavil-smutok-nad-traged.html\">\u010c\u00edtaj cel\u00e9<\/a><\/p>\n<p>\u00a0<\/p>","protected":false},"excerpt":{"rendered":"<p>Po mari\u00e1nskej modlitbe Anjel P\u00e1na sa Sv\u00e4t\u00fd Otec prihovoril veriacim zhroma\u017eden\u00fdm na N\u00e1mest\u00ed sv. Petra, ako aj p\u00fatnikom z r\u00f4znych kraj\u00edn sveta. Na \u00favod vyjadril svoju bl\u00edzkos\u0165 v\u0161etk\u00fdm, ktor\u00ed pre\u017e\u00edvaj\u00fa boles\u0165 v d\u00f4sledku trag\u00e9die, ku ktorej do\u0161lo v Crans-Montane vo \u0160vaj\u010diarsku. \u010c\u00edtaj cel\u00e9 \u00a0<\/p>\n","protected":false},"author":1,"featured_media":0,"comment_status":"closed","ping_status":"closed","sticky":false,"template":"","format":"standard","meta":{"ngg_post_thumbnail":0,"footnotes":""},"categories":[31],"tags":[],"class_list":["post-62823","post","type-post","status-publish","format-standard","hentry","category-spravy-z-vatikanu"],"views":8,"_links":{"self":[{"href":"https:\/\/www.farnost-strazske.sk\/index.php?rest_route=\/wp\/v2\/posts\/62823","targetHints":{"allow":["GET"]}}],"collection":[{"href":"https:\/\/www.farnost-strazske.sk\/index.php?rest_route=\/wp\/v2\/posts"}],"about":[{"href":"https:\/\/www.farnost-strazske.sk\/index.php?rest_route=\/wp\/v2\/types\/post"}],"author":[{"embeddable":true,"href":"https:\/\/www.farnost-strazske.sk\/index.php?rest_route=\/wp\/v2\/users\/1"}],"replies":[{"embeddable":true,"href":"https:\/\/www.farnost-strazske.sk\/index.php?rest_route=%2Fwp%2Fv2%2Fcomments&post=62823"}],"version-history":[{"count":0,"href":"https:\/\/www.farnost-strazske.sk\/index.php?rest_route=\/wp\/v2\/posts\/62823\/revisions"}],"wp:attachment":[{"href":"https:\/\/www.farnost-strazske.sk\/index.php?rest_route=%2Fwp%2Fv2%2Fmedia&parent=62823"}],"wp:term":[{"taxonomy":"category","embeddable":true,"href":"https:\/\/www.farnost-strazske.sk\/index.php?rest_route=%2Fwp%2Fv2%2Fcategories&post=62823"},{"taxonomy":"post_tag","embeddable":true,"href":"https:\/\/www.farnost-strazske.sk\/index.php?rest_route=%2Fwp%2Fv2%2Ftags&post=62823"}],"curies":[{"name":"wp","href":"https:\/\/api.w.org\/{rel}","templated":true}]}}