{"id":62873,"date":"2026-01-11T21:40:00","date_gmt":"2026-01-11T21:40:00","guid":{"rendered":"https:\/\/www.farnost-strazske.sk\/?p=62873"},"modified":"2026-01-11T22:43:36","modified_gmt":"2026-01-11T22:43:36","slug":"liturgicky-prehlad-a-oznamy-12-1-18-1-2026","status":"publish","type":"post","link":"https:\/\/www.farnost-strazske.sk\/?p=62873","title":{"rendered":"Liturgick\u00fd preh\u013ead a\u00a0oznamy 12.1. \u2013 18.1.2026"},"content":{"rendered":"<table width=\"97%\">\n<tbody>\n<tr>\n<td width=\"28%\">\n<p style=\"text-align: center;\"><strong>Pondelok \/12.01.\/<\/strong><\/p>\n<p style=\"text-align: center;\"><em>f\u00e9ria<\/em><\/p>\n<\/td>\n<td width=\"33%\"><strong>18.00 Str\u00e1\u017eske \u2013 detsk\u00e1<br \/>\n<\/strong>+ Jozef Ki\u0161<\/td>\n<td width=\"33%\"><strong>13.00 Brekov \u2013 pohreb<br \/>\n<\/strong>+ Irena Mydlov\u00e1<\/td>\n<\/tr>\n<tr>\n<td width=\"28%\">\n<p style=\"text-align: center;\"><strong>Utorok \/13.01.\/<\/strong><\/p>\n<p style=\"text-align: center;\">sv. Hil\u00e1ra, biskupa a&nbsp;u\u010dite\u013ea Cirkvi<em><br \/>\nspomienka<\/em><\/p>\n<\/td>\n<td width=\"33%\"><strong>18.00 Str\u00e1\u017eske<br \/>\n<\/strong>+ J\u00e1n Va\u013eo &nbsp;<\/td>\n<td width=\"33%\"><strong>17.00 Pust\u00e9 \u010cemern\u00e9<br \/>\n<\/strong>Za veriacich farnosti<\/td>\n<\/tr>\n<tr>\n<td width=\"28%\">\n<p style=\"text-align: center;\"><strong>Streda \/14.01.\/<\/strong><\/p>\n<p style=\"text-align: center;\"><em>f\u00e9ria<\/em><\/p>\n<\/td>\n<td width=\"33%\"><strong>12.00 Str\u00e1\u017eske<br \/>\n<\/strong>ZBP ROD Holejov\u00e1, Bekiri a Tomov\u010d\u00edkov\u00e1<\/td>\n<td width=\"33%\"><strong>17.00 Brekov \u2013 detsk\u00e1<br \/>\n<\/strong>+ Etela Kirvejov\u00e1 (1. v\u00fdr)<\/td>\n<\/tr>\n<tr>\n<td width=\"28%\">\n<p style=\"text-align: center;\"><strong>\u0160tvrtok \/15.01.\/<\/strong><\/p>\n<p style=\"text-align: center;\"><em>f\u00e9ria<\/em><\/p>\n<\/td>\n<td width=\"33%\"><em><u>15.00 Str\u00e1\u017eske-ADOR\u00c1CIA<\/u><\/em><\/p>\n<p><strong>18.00 Str\u00e1\u017eske<br \/>\n<\/strong>+ Irena Machov\u00e1<\/p>\n<p><em><u>18.50 Biblick\u00e9 stretnutie<\/u><\/em><\/td>\n<td width=\"33%\"><strong>08.00 Krivo\u0161\u0165any<\/strong><\/td>\n<\/tr>\n<tr>\n<td width=\"28%\">\n<p style=\"text-align: center;\"><strong>Piatok \/16.01.\/<\/strong><\/p>\n<p style=\"text-align: center;\"><em>f\u00e9ria<\/em><\/p>\n<\/td>\n<td width=\"33%\"><strong>18.00 Str\u00e1\u017eske (mlad\u00ed + deti)<\/strong>&nbsp;<br \/>\nZBP Bo\u017eena Pli\u0161kov\u00e1<\/td>\n<td width=\"33%\"><strong>17.00 Brekov<br \/>\n<\/strong>+ Rudolf a&nbsp;M\u00e1ria Gerov\u00ed<br \/>\n+ Marianna<\/td>\n<\/tr>\n<tr>\n<td width=\"28%\">\n<p style=\"text-align: center;\"><strong>Sobota \/17.01.\/<\/strong><\/p>\n<p style=\"text-align: center;\">sv. Antona, op\u00e1ta<em><br \/>\nspomienka<\/em><\/p>\n<\/td>\n<td width=\"33%\"><strong>18.00 Str\u00e1\u017eske<\/strong>&nbsp;<br \/>\nZBP pre Miroslavu<\/td>\n<td width=\"33%\"><strong>17.00 Brekov<br \/>\n<\/strong>ZBP Tom\u00e1\u0161 Nov\u00e1k<\/td>\n<\/tr>\n<tr>\n<td width=\"28%\">\n<p style=\"text-align: center;\"><strong>Nede\u013ea \/18.01.\/<\/strong><\/p>\n<p style=\"text-align: center;\"><strong>2. nede\u013ea v&nbsp;obdob\u00ed cez rok<\/strong><\/p>\n<\/td>\n<td width=\"33%\"><strong>08.00 Krivo\u0161\u0165any<\/strong><\/p>\n<p><strong>10.30 Str\u00e1\u017eske<br \/>\n<\/strong>ZBP Slavom\u00edr<\/p>\n<p><strong>18.15 Str\u00e1\u017eske<br \/>\n<\/strong>+ Peter \u0160tofej<\/td>\n<td width=\"33%\"><strong>09.15 Brekov<br \/>\n<\/strong>ZBP ROD Nemcov\u00e1<\/p>\n<p><strong>09.15 Pust\u00e9 \u010cemern\u00e9<\/strong><\/td>\n<\/tr>\n<\/tbody>\n<\/table>\n<ul>\n<li><strong>Na bud\u00facu nede\u013eu bude v&nbsp;na\u0161ej arcidiec\u00e9za zbierka na Arcidiec\u00e9zne centrum mlad\u00fdch<\/strong><\/li>\n<li><strong>Stretnutie birmovancov: Brekov v&nbsp;piatok po Sv. om\u0161i; Str\u00e1\u017eske v&nbsp;sobotu o&nbsp;16.00<\/strong><\/li>\n<li><strong>D\u00e1tum Ve\u013ekej noci pripadne v&nbsp;tomto roku na 04.04.2026, <\/strong><\/li>\n<li><strong><span style=\"text-decoration: underline;\">Odpustov\u00e9 sl\u00e1vnosti :<\/span><\/strong><br \/>\nStr\u00e1\u017eske na 7. ve\u013ekono\u010dn\u00fa nede\u013eu 17.05.2026;<br \/>\nKrivo\u0161\u0165any na 7. ve\u013ekono\u010dn\u00fa nede\u013eu 17.05.2026<br \/>\nPust\u00e9 \u010cemern\u00e9 (predbe\u017ene) 06.09.2026;<br \/>\nBrekov (predbe\u017ene) 04.10.2026<\/li>\n<li><span style=\"text-decoration: underline;\"><strong>Term\u00edny sl\u00e1vnost\u00ed 1. sv. prij\u00edmania:<\/strong><br \/>\n<\/span>Brekov na Nede\u013eu Najsv. Trojice 31.05.2026<br \/>\nStr\u00e1\u017eske na 6. ve\u013ekono\u010dn\u00fa nede\u013eu 10.05.2026;<\/li>\n<li><em style=\"font-size: revert; text-align: center; color: initial;\"><u>Farsk\u00e9 misie pre farnos\u0165 \u2013 REDEMPTORISTI &nbsp;&nbsp;19.9.2026 \u2013 27.9.2026<\/u><\/em><\/li>\n<\/ul>\n<ul>\n<li>Na\u010falej poz\u00fdvame na <strong>Biblick\u00e9 stretnutia<\/strong> vo \u0161tvrtok po Sv. om\u0161i a&nbsp;<strong>rann\u00e9 n\u00e1v\u0161tevy kostola<\/strong> v&nbsp;d\u0148och \u0161kolsk\u00e9ho vyu\u010dovania cca od 6:40<\/li>\n<li><strong>\u010eakujeme V\u00e1m za v\u0161etky modlitby, obety, milodary a slu\u017eby v&nbsp;uplynulom t\u00fd\u017edni i&nbsp;po\u010das cel\u00e9ho Viano\u010dn\u00e9ho obdobia<\/strong><\/li>\n<\/ul>\n<p><strong>&nbsp;&nbsp;&nbsp;&nbsp;&nbsp;<\/strong><\/p>\n<hr>\n<p style=\"text-align: center;\"><strong><u>Liturgick\u00e9 \u010d\u00edtania 2. nede\u013ea cez rok A<\/u><\/strong><\/p>\n<p><strong>&nbsp;<\/strong><\/p>\n<p><strong>\u010c\u00edtanie z&nbsp;Knihy proroka Izai\u00e1\u0161a<\/strong><\/p>\n<p>P\u00e1n mi povedal: \u201eTy si m\u00f4j slu\u017eobn\u00edk, Izrael, na tebe uk\u00e1\u017eem svoju sl\u00e1vu.\u201c<\/p>\n<p>A&nbsp;teraz hovor\u00ed P\u00e1n, ten, \u010do si ma utv\u00e1ral za slu\u017eobn\u00edka u\u017e v&nbsp;matkinom lone, aby som priviedol k&nbsp;nemu Jakuba a&nbsp;Izraela okolo neho zhroma\u017edil; tak som bol pocten\u00fd v&nbsp;o\u010diach P\u00e1na a&nbsp;m\u00f4j Boh sa mi stal silou.<\/p>\n<p>Povedal: \u201eTo je m\u00e1lo, \u017ee si m\u00f4j slu\u017eobn\u00edk, aby si obnovil Jakubove kmene a&nbsp;nasp\u00e4\u0165 priviedol zvy\u0161ok Izraela. Urob\u00edm \u0165a svetlom n\u00e1rodov, aby moja sp\u00e1sa siahala a\u017e do kon\u010d\u00edn zeme.\u201c<\/p>\n<p><em>Po\u010duli sme Bo\u017eie slovo.<\/em><\/p>\n<p><em>R.:<\/em>&nbsp;H\u013ea, prich\u00e1dzam, Pane, chcem plni\u0165 tvoju v\u00f4\u013eu.<\/p>\n<p><strong>Responz\u00f3riov\u00fd \u017ealm <\/strong><\/p>\n<p>\u010cakal som, \u010dakal na P\u00e1na *<br \/>\na&nbsp;on sa ku mne sklonil.<br \/>\nDo \u00fast mi vlo\u017eil piese\u0148 nov\u00fa, *<br \/>\nchv\u00e1lospev n\u00e1\u0161mu Bohu.&nbsp;<strong><em>R.<\/em><\/strong><br \/>\nObety a&nbsp;dary si nepraje\u0161, *<br \/>\nle\u017e u\u0161i si mi otvoril.<br \/>\nNe\u017eiada\u0161 \u017eertvu ani obetu zmierenia, *<br \/>\npreto som povedal: \u201eH\u013ea prich\u00e1dzam.&nbsp;<strong><em>R.<\/em><\/strong><br \/>\nVo zvitku knihy je nap\u00edsan\u00e9 o&nbsp;mne, *<br \/>\n\u017ee m\u00e1m plni\u0165 tvoju v\u00f4\u013eu.<br \/>\nA&nbsp;to chcem, Bo\u017ee m\u00f4j, *<br \/>\nhlboko v&nbsp;srdci m\u00e1m tvoj z\u00e1kon.\u201c&nbsp;<strong><em>R.<\/em><\/strong><br \/>\nOhlasujem tvoju spravodlivos\u0165 *<br \/>\nvo ve\u013ekom zhroma\u017eden\u00ed;<br \/>\nsvojim per\u00e1m hovori\u0165 nebr\u00e1nim, *<br \/>\nPane, ty to vie\u0161.&nbsp;<strong><em>R.<\/em><\/strong><\/p>\n<p>&nbsp;<\/p>\n<p><strong>Za\u010diatok Prv\u00e9ho listu sv\u00e4t\u00e9ho apo\u0161tola Pavla Korin\u0165anom <\/strong><\/p>\n<p>Pavol, z&nbsp;Bo\u017eej v\u00f4le povolan\u00fd za apo\u0161tola Krista Je\u017ei\u0161a, a&nbsp;brat Sostenes Bo\u017eej cirkvi v&nbsp;Korinte, posv\u00e4ten\u00fdm v&nbsp;Kristovi Je\u017ei\u0161ovi, povolan\u00fdm sv\u00e4t\u00fdm aj v\u0161etk\u00fdm, \u010do vz\u00fdvaj\u00fa meno n\u00e1\u0161ho P\u00e1na Je\u017ei\u0161a Krista na ka\u017edom mieste u&nbsp;nich aj u&nbsp;n\u00e1s:<\/p>\n<p>Milos\u0165 v\u00e1m a&nbsp;pokoj od Boha, n\u00e1\u0161ho Otca, i&nbsp;od P\u00e1na Je\u017ei\u0161a Krista.<\/p>\n<p><em>Po\u010duli sme Bo\u017eie slovo.<\/em><\/p>\n<p><em>Aleluja, aleluja, aleluja. <\/em>Slovo sa telom stalo a&nbsp;preb\u00fdvalo medzi nami. T\u00fdm, ktor\u00ed ho prijali, dalo moc sta\u0165 sa Bo\u017e\u00edmi de\u0165mi.<\/p>\n<p>&nbsp;<\/p>\n<p><strong>\u010c\u00edtanie zo&nbsp;sv\u00e4t\u00e9ho Evanjelia pod\u013ea J\u00e1na<\/strong><\/p>\n<p>Ke\u010f J\u00e1n videl, ako k&nbsp;nemu prich\u00e1dza Je\u017ei\u0161, zvolal: \u201eH\u013ea, Bo\u017e\u00ed Bar\u00e1nok, ktor\u00fd sn\u00edma hriech sveta. Toto je ten, o&nbsp;ktorom som hovoril: Po mne prich\u00e1dza mu\u017e, ktor\u00fd je predo mnou, lebo bol prv ako ja. Ani ja som ho nepoznal, ale preto som pri\u0161iel a&nbsp;krst\u00edm vodou, aby sa on stal zn\u00e1mym Izraelu.\u201c<\/p>\n<p>J\u00e1n vydal svedectvo: \u201eVidel som Ducha, ktor\u00fd ako holubica zostupoval z&nbsp;neba a&nbsp;spo\u010dinul na \u0148om. Ani ja som ho nepoznal, ale ten, \u010do ma poslal krsti\u0165 vodou, mi povedal: \u201aNa koho uvid\u00ed\u0161 zostupova\u0165 Ducha a&nbsp;spo\u010din\u00fa\u0165 na \u0148om, to je ten, \u010do krst\u00ed Duchom Sv\u00e4t\u00fdm.\u2018 A&nbsp;ja som to videl a&nbsp;vyd\u00e1vam svedectvo, \u017ee toto je Bo\u017e\u00ed Syn.\u201c<\/p>\n<p><em>Po\u010duli sme slovo P\u00e1novo.<\/em><\/p>\n<p><strong>&nbsp;<\/strong><\/p>\n","protected":false},"excerpt":{"rendered":"<p>Pondelok \/12.01.\/ f\u00e9ria 18.00 Str\u00e1\u017eske \u2013 detsk\u00e1 + Jozef Ki\u0161 13.00 Brekov \u2013 pohreb + Irena Mydlov\u00e1 Utorok \/13.01.\/ sv. Hil\u00e1ra, biskupa a&nbsp;u\u010dite\u013ea Cirkvi spomienka 18.00 Str\u00e1\u017eske + J\u00e1n Va\u013eo &nbsp; 17.00 Pust\u00e9 \u010cemern\u00e9 Za veriacich farnosti Streda \/14.01.\/ f\u00e9ria 12.00 Str\u00e1\u017eske ZBP ROD Holejov\u00e1, Bekiri a Tomov\u010d\u00edkov\u00e1 17.00 Brekov \u2013 detsk\u00e1 + Etela Kirvejov\u00e1 [&hellip;]<\/p>\n","protected":false},"author":1,"featured_media":0,"comment_status":"closed","ping_status":"closed","sticky":false,"template":"","format":"standard","meta":{"ngg_post_thumbnail":0,"footnotes":""},"categories":[4],"tags":[],"class_list":["post-62873","post","type-post","status-publish","format-standard","hentry","category-farske-oznamy"],"views":584,"_links":{"self":[{"href":"https:\/\/www.farnost-strazske.sk\/index.php?rest_route=\/wp\/v2\/posts\/62873","targetHints":{"allow":["GET"]}}],"collection":[{"href":"https:\/\/www.farnost-strazske.sk\/index.php?rest_route=\/wp\/v2\/posts"}],"about":[{"href":"https:\/\/www.farnost-strazske.sk\/index.php?rest_route=\/wp\/v2\/types\/post"}],"author":[{"embeddable":true,"href":"https:\/\/www.farnost-strazske.sk\/index.php?rest_route=\/wp\/v2\/users\/1"}],"replies":[{"embeddable":true,"href":"https:\/\/www.farnost-strazske.sk\/index.php?rest_route=%2Fwp%2Fv2%2Fcomments&post=62873"}],"version-history":[{"count":3,"href":"https:\/\/www.farnost-strazske.sk\/index.php?rest_route=\/wp\/v2\/posts\/62873\/revisions"}],"predecessor-version":[{"id":62876,"href":"https:\/\/www.farnost-strazske.sk\/index.php?rest_route=\/wp\/v2\/posts\/62873\/revisions\/62876"}],"wp:attachment":[{"href":"https:\/\/www.farnost-strazske.sk\/index.php?rest_route=%2Fwp%2Fv2%2Fmedia&parent=62873"}],"wp:term":[{"taxonomy":"category","embeddable":true,"href":"https:\/\/www.farnost-strazske.sk\/index.php?rest_route=%2Fwp%2Fv2%2Fcategories&post=62873"},{"taxonomy":"post_tag","embeddable":true,"href":"https:\/\/www.farnost-strazske.sk\/index.php?rest_route=%2Fwp%2Fv2%2Ftags&post=62873"}],"curies":[{"name":"wp","href":"https:\/\/api.w.org\/{rel}","templated":true}]}}