{"id":62877,"date":"2026-01-11T21:42:00","date_gmt":"2026-01-11T21:42:00","guid":{"rendered":"https:\/\/www.farnost-strazske.sk\/?p=62877"},"modified":"2026-01-11T22:46:23","modified_gmt":"2026-01-11T22:46:23","slug":"nehuc-uz-tolko-2","status":"publish","type":"post","link":"https:\/\/www.farnost-strazske.sk\/?p=62877","title":{"rendered":"Nehu\u010d u\u017e to\u013eko!"},"content":{"rendered":"\n<p id=\"wnd_TextBlock_658075177_inner_0\" style=\"font-size:17px\">Nie \u017eeby som nemal Vianoce r\u00e1d, ale prizn\u00e1vam, te\u0161\u00edm sa, \u017ee s\u00fa za nami.<\/p>\n\n\n\n<p id=\"wnd_TextBlock_658075177_inner_1\" style=\"font-size:17px\">Prive\u013ea sa cez tie sviatky rozpr\u00e1va.<\/p>\n\n\n\n<p id=\"wnd_TextBlock_658075177_inner_2\" style=\"font-size:17px\">Rozpr\u00e1vaj\u00fa anjeli. Herodes. Traja p\u00fatnici odniekia\u013e z v\u00fdchodu. Jozef i M\u00e1ria. J\u00e1n svojim majest\u00e1tnym hymnusom o Slove, \u010do sa telom stalo. I pastieri. V\u0161etci sa te\u0161ia, rozpr\u00e1vaj\u00fa svoje pr\u00edbehy, skl\u00e1\u0148aj\u00fa sa k die\u0165a\u0165u, ktor\u00e9 vyzer\u00e1, sp\u00ed a spr\u00e1va sa ako nemluv\u0148a.<\/p>\n\n\n\n<p id=\"wnd_TextBlock_658075177_inner_3\" style=\"font-size:17px\">Som r\u00e1d, \u017ee s\u00fa sviatky, kedy je Boh nemluv\u0148a, za nami.<\/p>\n\n\n\n<p id=\"wnd_TextBlock_658075177_inner_4\" style=\"font-size:17px\">A potom Je\u017ei\u0161 kone\u010dne vyrastie a nemluv\u0148a sa pri Jord\u00e1ne uk\u00e1\u017ee ako mu\u017e mocn\u00e9ho slova.<\/p>\n\n\n\n<p id=\"wnd_TextBlock_658075177_inner_6\" style=\"font-size:17px\">J\u00e1n Krstite\u013e sa ho zdr\u00e1ha pokrsti\u0165. Mo\u017eno sa mu nep\u00e1\u010di, \u017ee Je\u017ei\u0161 viac nie je b\u013eabotaj\u00face die\u0165a. Aj Krstite\u013e mal svoje predstavy o Bohu. Mo\u017eno d\u00fafal, \u017ee ho Je\u017ei\u0161 pokrst\u00ed a vezme so sebou na putovanie po mest\u00e1ch a dedin\u00e1ch, aby dvaja, hoc on men\u0161\u00ed, hl\u00e1sali pok\u00e1nie a bl\u00edzkos\u0165 Bo\u017eieho kr\u00e1\u013eovstva.<\/p>\n\n\n\n<p id=\"wnd_TextBlock_658075177_inner_7\" style=\"font-size:17px\">Len\u017ee Je\u017ei\u0161 u\u017e nie je nemluv\u0148a, ktor\u00e9 mo\u017eno pol\u00e1ska\u0165 po l\u00edci a prihov\u00e1ra\u0165 sa mu b\u013eabotan\u00edm. Vyr\u00e1stol. Prehovoril. Je\u017ei\u0161 je kone\u010dne U\u010dite\u013e, ktor\u00fd rozpr\u00e1va, kri\u010d\u00ed a vysvet\u013euje ako \u017ei\u0165. A aj J\u00e1novi povie, aby nechal svoje predstavy a robil, \u010do Boh pova\u017euje za spravodliv\u00e9.<\/p>\n\n\n<div class=\"wp-block-image\">\n<figure class=\"aligncenter is-resized\"><img decoding=\"async\" src=\"https:\/\/96e19d8f6d.clvaw-cdnwnd.com\/56958a3ff2fd5fdcdbd797b978b04dd5\/200001768-4ba014ba03\/_VS92178.jpeg?ph=96e19d8f6d\" alt=\"\" style=\"width:606px;height:auto\"\/><\/figure>\n<\/div>\n\n\n<p id=\"wnd_TextBlock_658075177_inner_8\" style=\"font-size:17px\">S\u00fa kres\u0165ania, ktor\u00ed pre\u017e\u00edvaj\u00fa Vianoce cel\u00fd \u017eivot&#8230;<\/p>\n\n\n\n<p id=\"wnd_TextBlock_658075177_inner_9\" style=\"font-size:17px\">Nedovolia mal\u00e9mu die\u0165a\u0165u vyr\u00e1s\u0165 a hu\u010dia do neho modlitbami a prosbami, akoby on ani nemal osobn\u00fdch slov pre ka\u017ed\u00e9ho \u010dloveka. Hu\u010dia, \u017eobronia, do\u017eaduj\u00fa sa pozornosti a nedovolia, aby Boh hovoril, u\u010dil a sprev\u00e1dzal. Nedovolia Bohu, aby sa z die\u0165a\u0165a stal u\u010dite\u013e. Durdia sa ako Krstite\u013e, lebo maj\u00fa vlastn\u00e9 predstavy o Bohu a viere v neho.<\/p>\n\n\n\n<p id=\"wnd_TextBlock_658075177_inner_10\" style=\"font-size:17px\">Boh by mal po\u010d\u00fava\u0165 \u010dloveka. A vypo\u010du\u0165 ho. Hne\u010f.<\/p>\n\n\n\n<p id=\"wnd_TextBlock_658075177_inner_11\" style=\"font-size:17px\">No ono je to naopak. Boh rozpr\u00e1va. A \u010dlovek by mal po\u010d\u00fava\u0165. Ba aj vypo\u010du\u0165. A ak je to mo\u017en\u00e9, tak aj hne\u010f. Pre\u010do by n\u00e1m in\u00e1\u010d Otec z neba pripom\u00ednal: Toto je m\u00f4j milovan\u00fd Syn, po\u010d\u00favajte ho! (Mt17,5)?<\/p>\n\n\n\n<p id=\"wnd_TextBlock_658075177_inner_12\" style=\"font-size:17px\">Vianoce s\u00fa z\u00e1zra\u010dn\u00e9, ke\u010f kon\u010dia. Ke\u010f mrav\u010diace bato\u013ea kone\u010dne otvor\u00ed \u00fasta a hovor\u00ed zrozumite\u013enej\u0161ie a mocnej\u0161ie, ne\u017e ktoko\u013evek in\u00fd pred n\u00edm \u010di po \u0148om.<\/p>\n\n\n\n<p id=\"wnd_TextBlock_658075177_inner_13\" style=\"font-size:17px\">Vianoce s\u00fa z\u00e1zra\u010dn\u00e9, ke\u010f s\u00fa iba etapou n\u00e1\u0161ho \u017eivota viery a nie \u017eivot cel\u00fd.<\/p>\n\n\n\n<p id=\"wnd_TextBlock_658075177_inner_14\" style=\"font-size:17px\">Vianoce. Kone\u010dne s\u00fa za nami. Boh vyr\u00e1stol. U\u017e nie je nemluv\u0148a. Boh hovor\u00ed. Nehu\u010dme to\u013eko. Naopak.<br><em>Autor:\u00a0<\/em><a href=\"https:\/\/www.vladkostefanic.com\/zamyslenia\/\" target=\"_blank\" rel=\"noreferrer noopener\"><em>Vladim\u00edr \u0160tefani\u010d<\/em><\/a><\/p>\n","protected":false},"excerpt":{"rendered":"<p>Nie \u017eeby som nemal Vianoce r\u00e1d, ale prizn\u00e1vam, te\u0161\u00edm sa, \u017ee s\u00fa za nami. Prive\u013ea sa cez tie sviatky rozpr\u00e1va. Rozpr\u00e1vaj\u00fa anjeli. Herodes. Traja p\u00fatnici odniekia\u013e z v\u00fdchodu. Jozef i M\u00e1ria. J\u00e1n svojim majest\u00e1tnym hymnusom o Slove, \u010do sa telom stalo. I pastieri. V\u0161etci sa te\u0161ia, rozpr\u00e1vaj\u00fa svoje pr\u00edbehy, skl\u00e1\u0148aj\u00fa sa k die\u0165a\u0165u, ktor\u00e9 vyzer\u00e1, [&hellip;]<\/p>\n","protected":false},"author":1,"featured_media":0,"comment_status":"closed","ping_status":"closed","sticky":false,"template":"","format":"standard","meta":{"ngg_post_thumbnail":0,"footnotes":""},"categories":[22],"tags":[],"class_list":["post-62877","post","type-post","status-publish","format-standard","hentry","category-zamyslenia"],"views":79,"_links":{"self":[{"href":"https:\/\/www.farnost-strazske.sk\/index.php?rest_route=\/wp\/v2\/posts\/62877","targetHints":{"allow":["GET"]}}],"collection":[{"href":"https:\/\/www.farnost-strazske.sk\/index.php?rest_route=\/wp\/v2\/posts"}],"about":[{"href":"https:\/\/www.farnost-strazske.sk\/index.php?rest_route=\/wp\/v2\/types\/post"}],"author":[{"embeddable":true,"href":"https:\/\/www.farnost-strazske.sk\/index.php?rest_route=\/wp\/v2\/users\/1"}],"replies":[{"embeddable":true,"href":"https:\/\/www.farnost-strazske.sk\/index.php?rest_route=%2Fwp%2Fv2%2Fcomments&post=62877"}],"version-history":[{"count":1,"href":"https:\/\/www.farnost-strazske.sk\/index.php?rest_route=\/wp\/v2\/posts\/62877\/revisions"}],"predecessor-version":[{"id":62878,"href":"https:\/\/www.farnost-strazske.sk\/index.php?rest_route=\/wp\/v2\/posts\/62877\/revisions\/62878"}],"wp:attachment":[{"href":"https:\/\/www.farnost-strazske.sk\/index.php?rest_route=%2Fwp%2Fv2%2Fmedia&parent=62877"}],"wp:term":[{"taxonomy":"category","embeddable":true,"href":"https:\/\/www.farnost-strazske.sk\/index.php?rest_route=%2Fwp%2Fv2%2Fcategories&post=62877"},{"taxonomy":"post_tag","embeddable":true,"href":"https:\/\/www.farnost-strazske.sk\/index.php?rest_route=%2Fwp%2Fv2%2Ftags&post=62877"}],"curies":[{"name":"wp","href":"https:\/\/api.w.org\/{rel}","templated":true}]}}