{"id":62953,"date":"2026-01-25T19:32:00","date_gmt":"2026-01-25T19:32:00","guid":{"rendered":"https:\/\/www.farnost-strazske.sk\/?p=62953"},"modified":"2026-01-25T20:37:24","modified_gmt":"2026-01-25T20:37:24","slug":"verit-a-neprestavat","status":"publish","type":"post","link":"https:\/\/www.farnost-strazske.sk\/?p=62953","title":{"rendered":"Veri\u0165 a neprest\u00e1va\u0165"},"content":{"rendered":"\n<p id=\"wnd_TextBlock_22091769280450139230_inner_0\" style=\"font-size:17px\">Povedal, \u017ee za\u017eil nie\u010do mystick\u00e9. Nie, nemal \u017eiadne videnie, ani sa mu neprihovoril Boh z tv\u00e1re do tv\u00e1re. Mal iba ten neochvejn\u00fd pocit, \u017ee Boh je bl\u00edzko, \u017ee je pr\u00edtomn\u00fd a \u017ee sa d\u00edva iba na neho, akoby ostatn\u00fd svet nemal t\u00fa d\u00f4le\u017eitos\u0165, akej sa v tej chv\u00edli dostalo jemu.<\/p>\n\n\n\n<p id=\"wnd_TextBlock_22091769280450139230_inner_1\" style=\"font-size:17px\">Povedal, \u017ee sa bude sna\u017ei\u0165 \u017ei\u0165 pod\u013ea evanjelia. Nie pod\u013ea prik\u00e1zan\u00ed, ktor\u00e9 tak vol\u00e1me, akoby v ich poru\u0161ovan\u00ed trpel Boh, ale pod\u013ea usmernen\u00ed a r\u00e1d, v ktor\u00fdch nedodr\u017eiavan\u00ed trp\u00ed najviac \u010dlovek.<\/p>\n\n\n\n<p id=\"wnd_TextBlock_22091769280450139230_inner_2\" style=\"font-size:17px\">Povedal, \u017ee kone\u010dne ch\u00e1pe, \u017ee zem je do\u010dasn\u00e1, k\u00fdm \u017eivot s Bohom, nebo, u neho doma, je nie\u010do, po \u010dom t\u00fa\u017ei v\u0161etko \u017eiv\u00e9 na zemi, lebo len v \u0148om je \u00fa\u013eava, odpo\u010dinok a hlavne pravda o \u010dloveku.<\/p>\n\n\n\n<p id=\"wnd_TextBlock_22091769280450139230_inner_3\" style=\"font-size:17px\">Toto v\u0161etko povedal, ke\u010f raz d\u00e1vno za\u017eil nie\u010do mystick\u00e9.<\/p>\n\n\n<div class=\"wp-block-image\">\n<figure class=\"aligncenter is-resized\"><img decoding=\"async\" src=\"https:\/\/96e19d8f6d.clvaw-cdnwnd.com\/56958a3ff2fd5fdcdbd797b978b04dd5\/200002046-778c2778c4\/_VS92222-6.jpeg?ph=96e19d8f6d\" alt=\"\" style=\"width:552px;height:auto\"\/><\/figure>\n<\/div>\n\n\n<p style=\"font-size:17px\">Pre\u0161li roky. Ochladol. Zabudol. Stratil sa.<\/p>\n\n\n\n<p style=\"font-size:17px\">Veril, \u017ee raz sa rozhodn\u00fa\u0165 sta\u010d\u00ed. A \u017ee trpk\u00e1 cesta \u017eivotom sa zmen\u00ed na prech\u00e1dzku rozkvitnutou l\u00fakou naboso. Trpel, \u017ee sa mu nedar\u00ed zmeni\u0165 n\u00e1vyky a vychoden\u00e9 cesti\u010dky. A tak ve\u013emi chcel. Dom\u00fd\u0161\u013eal si, \u017ee Boh ho op\u00fa\u0161\u0165a. U\u017e sa na neho ned\u00edva. Odi\u0161iel. Je \u010faleko. Nen\u00e1vratne.<\/p>\n\n\n\n<p style=\"font-size:17px\">Dnes hovor\u00ed, \u017ee to bola iba il\u00fazia.<\/p>\n\n\n\n<p style=\"font-size:17px\">Bol vtedy zranite\u013en\u00fd a bezradn\u00fd a tak si v tej z\u00fafalej t\u00fa\u017ebe po pr\u00edtomnosti niekoho, kto sa na neho nem\u00f4\u017ee d\u00edva\u0165 in\u00e1\u010d ako s l\u00e1skou, vymyslel Boha, len aby sa mu u\u013eavilo. Lebo myse\u013e \u010dloveka tak\u00e1 je: raz si vytv\u00e1ra pr\u00ed\u0161ery, inokedy hrdinov &#8211; priate\u013eov a nepriate\u013eov do pln\u00fdch a pr\u00e1zdnych dn\u00ed.<\/p>\n\n\n\n<p style=\"font-size:17px\">Nie je il\u00fazia, \u017ee Boh sa uk\u00e1\u017ee \u010dloveku.<\/p>\n\n\n\n<p style=\"font-size:17px\">Il\u00fazia je veri\u0165, \u017ee v ten moment sa v\u0161etko zmen\u00ed: prestan\u00fa b\u00farky, skon\u010dia boje, vylie\u010dia sa zranenia, zocelia svaly a srdce u\u017e nikdy viac nerozb\u00facha my\u0161lienka na hriech.<\/p>\n\n\n\n<p style=\"font-size:17px\">Il\u00fazia je veri\u0165, \u017ee v ten de\u0148 si z n\u00e1s Boh urob\u00ed otrokov, b\u00e1bky na mot\u00faziku, ktor\u00e9 bude vies\u0165 tak, aby boli u\u017e len vzorom pre ostatn\u00fdch.<\/p>\n\n\n\n<p style=\"font-size:17px\">Aj Peter tak\u00fd bol. Ihne\u010f zanechal siete, lode, otca a nasledoval Je\u017ei\u0161a.<\/p>\n\n\n\n<p style=\"font-size:17px\">A potom bojoval s vierou, so sebou, s n\u00e1vykmi a zlozvykmi a\u017e do smrti.<\/p>\n\n\n\n<p style=\"font-size:17px\">Lebo nie je z\u00e1zra\u010dn\u00e9, ke\u010f sa Boh dotkne \u010dloveka. Z\u00e1zra\u010dn\u00e9 je, ak ten dotyk je za\u010diatkom neochvejn\u00e9ho priate\u013estva, ktor\u00e9 trv\u00e1 a\u017e na ve\u010dnos\u0165.<\/p>\n\n\n\n<p style=\"font-size:17px\"><em>Autor:\u00a0<\/em><a href=\"https:\/\/www.vladkostefanic.com\/zamyslenia\/\" target=\"_blank\" rel=\"noreferrer noopener\"><em>Vladim\u00edr \u0160tefani\u010d<\/em><\/a><\/p>\n","protected":false},"excerpt":{"rendered":"<p>Povedal, \u017ee za\u017eil nie\u010do mystick\u00e9. Nie, nemal \u017eiadne videnie, ani sa mu neprihovoril Boh z tv\u00e1re do tv\u00e1re. Mal iba ten neochvejn\u00fd pocit, \u017ee Boh je bl\u00edzko, \u017ee je pr\u00edtomn\u00fd a \u017ee sa d\u00edva iba na neho, akoby ostatn\u00fd svet nemal t\u00fa d\u00f4le\u017eitos\u0165, akej sa v tej chv\u00edli dostalo jemu. Povedal, \u017ee sa bude sna\u017ei\u0165 [&hellip;]<\/p>\n","protected":false},"author":1,"featured_media":0,"comment_status":"closed","ping_status":"closed","sticky":false,"template":"","format":"standard","meta":{"ngg_post_thumbnail":0,"footnotes":""},"categories":[22],"tags":[],"class_list":["post-62953","post","type-post","status-publish","format-standard","hentry","category-zamyslenia"],"views":46,"_links":{"self":[{"href":"https:\/\/www.farnost-strazske.sk\/index.php?rest_route=\/wp\/v2\/posts\/62953","targetHints":{"allow":["GET"]}}],"collection":[{"href":"https:\/\/www.farnost-strazske.sk\/index.php?rest_route=\/wp\/v2\/posts"}],"about":[{"href":"https:\/\/www.farnost-strazske.sk\/index.php?rest_route=\/wp\/v2\/types\/post"}],"author":[{"embeddable":true,"href":"https:\/\/www.farnost-strazske.sk\/index.php?rest_route=\/wp\/v2\/users\/1"}],"replies":[{"embeddable":true,"href":"https:\/\/www.farnost-strazske.sk\/index.php?rest_route=%2Fwp%2Fv2%2Fcomments&post=62953"}],"version-history":[{"count":1,"href":"https:\/\/www.farnost-strazske.sk\/index.php?rest_route=\/wp\/v2\/posts\/62953\/revisions"}],"predecessor-version":[{"id":62954,"href":"https:\/\/www.farnost-strazske.sk\/index.php?rest_route=\/wp\/v2\/posts\/62953\/revisions\/62954"}],"wp:attachment":[{"href":"https:\/\/www.farnost-strazske.sk\/index.php?rest_route=%2Fwp%2Fv2%2Fmedia&parent=62953"}],"wp:term":[{"taxonomy":"category","embeddable":true,"href":"https:\/\/www.farnost-strazske.sk\/index.php?rest_route=%2Fwp%2Fv2%2Fcategories&post=62953"},{"taxonomy":"post_tag","embeddable":true,"href":"https:\/\/www.farnost-strazske.sk\/index.php?rest_route=%2Fwp%2Fv2%2Ftags&post=62953"}],"curies":[{"name":"wp","href":"https:\/\/api.w.org\/{rel}","templated":true}]}}