{"id":63128,"date":"2026-03-05T16:45:00","date_gmt":"2026-03-05T16:45:00","guid":{"rendered":"https:\/\/www.farnost-strazske.sk\/?p=63128"},"modified":"2026-03-05T16:45:00","modified_gmt":"2026-03-05T16:45:00","slug":"svaty-otec-prijal-na-audiencii-generalnu-guvernerku-kanady","status":"publish","type":"post","link":"https:\/\/www.farnost-strazske.sk\/?p=63128","title":{"rendered":"Sv\u00e4t\u00fd Otec prijal na audiencii gener\u00e1lnu guvern\u00e9rku Kanady"},"content":{"rendered":"<p>Vo \u0161tvrtok 5. marca prijal p\u00e1pe\u017e Lev XIV. na audiencii vo Vatik\u00e1ne gener\u00e1lnu guvern\u00e9rku Kanady, Mary Jeannie May Simon. Program n\u00e1v\u0161tevy pokra\u010doval stretnut\u00edm so \u0161t\u00e1tnym sekret\u00e1rom kardin\u00e1lom Pietrom Parolinom, na ktorom bol pr\u00edtomn\u00fd aj sekret\u00e1r pre vz\u0165ahy so \u0161t\u00e1tmi a medzin\u00e1rodn\u00fdmi organiz\u00e1ciami Mons. Paul Richard Gallagher.<\/p>\n<p><a href=\"https:\/\/www.vaticannews.va\/sk\/papez\/news\/2026-03\/svaty-otec-prijal-na-audiencii-generalnu-guvernerku-kanady.html\">\u010c\u00edtaj cel\u00e9<\/a><\/p>\n<p>\u00a0<\/p>","protected":false},"excerpt":{"rendered":"<p>Vo \u0161tvrtok 5. marca prijal p\u00e1pe\u017e Lev XIV. na audiencii vo Vatik\u00e1ne gener\u00e1lnu guvern\u00e9rku Kanady, Mary Jeannie May Simon. Program n\u00e1v\u0161tevy pokra\u010doval stretnut\u00edm so \u0161t\u00e1tnym sekret\u00e1rom kardin\u00e1lom Pietrom Parolinom, na ktorom bol pr\u00edtomn\u00fd aj sekret\u00e1r pre vz\u0165ahy so \u0161t\u00e1tmi a medzin\u00e1rodn\u00fdmi organiz\u00e1ciami Mons. Paul Richard Gallagher. \u010c\u00edtaj cel\u00e9 \u00a0<\/p>\n","protected":false},"author":1,"featured_media":0,"comment_status":"closed","ping_status":"closed","sticky":false,"template":"","format":"standard","meta":{"ngg_post_thumbnail":0,"footnotes":""},"categories":[31],"tags":[],"class_list":["post-63128","post","type-post","status-publish","format-standard","hentry","category-spravy-z-vatikanu"],"views":6,"_links":{"self":[{"href":"https:\/\/www.farnost-strazske.sk\/index.php?rest_route=\/wp\/v2\/posts\/63128","targetHints":{"allow":["GET"]}}],"collection":[{"href":"https:\/\/www.farnost-strazske.sk\/index.php?rest_route=\/wp\/v2\/posts"}],"about":[{"href":"https:\/\/www.farnost-strazske.sk\/index.php?rest_route=\/wp\/v2\/types\/post"}],"author":[{"embeddable":true,"href":"https:\/\/www.farnost-strazske.sk\/index.php?rest_route=\/wp\/v2\/users\/1"}],"replies":[{"embeddable":true,"href":"https:\/\/www.farnost-strazske.sk\/index.php?rest_route=%2Fwp%2Fv2%2Fcomments&post=63128"}],"version-history":[{"count":0,"href":"https:\/\/www.farnost-strazske.sk\/index.php?rest_route=\/wp\/v2\/posts\/63128\/revisions"}],"wp:attachment":[{"href":"https:\/\/www.farnost-strazske.sk\/index.php?rest_route=%2Fwp%2Fv2%2Fmedia&parent=63128"}],"wp:term":[{"taxonomy":"category","embeddable":true,"href":"https:\/\/www.farnost-strazske.sk\/index.php?rest_route=%2Fwp%2Fv2%2Fcategories&post=63128"},{"taxonomy":"post_tag","embeddable":true,"href":"https:\/\/www.farnost-strazske.sk\/index.php?rest_route=%2Fwp%2Fv2%2Ftags&post=63128"}],"curies":[{"name":"wp","href":"https:\/\/api.w.org\/{rel}","templated":true}]}}