{"id":63136,"date":"2026-03-06T12:00:00","date_gmt":"2026-03-06T12:00:00","guid":{"rendered":"https:\/\/www.farnost-strazske.sk\/?p=63136"},"modified":"2026-03-06T12:00:00","modified_gmt":"2026-03-06T12:00:00","slug":"papez-lev-xiv-vymenoval-milana-lacha-za-bratislavskeho-eparchu","status":"publish","type":"post","link":"https:\/\/www.farnost-strazske.sk\/?p=63136","title":{"rendered":"P\u00e1pe\u017e Lev XIV. vymenoval Milana Lacha za bratislavsk\u00e9ho eparchu"},"content":{"rendered":"<p>V piatok 6. marca p\u00e1pe\u017e Lev XIV. vymenoval Milana Lacha, S.I., za biskupa Bratislavskej eparchie pre katol\u00edkov byzantsk\u00e9ho obradu na Slovensku. Doteraz p\u00f4sobil ako titul\u00e1rny biskup Ostracine, pomocn\u00fd biskup tej istej eparchie a apo\u0161tolsk\u00fd vizit\u00e1tor pre slovensk\u00fdch gr\u00e9ckokatol\u00edkov \u017eij\u00facich v z\u00e1padnej Eur\u00f3pe. Sv\u00e4t\u00fd Otec z\u00e1rove\u0148 prijal rezign\u00e1ciu na pastora\u010dn\u00e9 vedenie Bratislavskej eparchie pre veriacich byzantsk\u00e9ho obradu na Slovensku, ktor\u00fa predlo\u017eil doteraj\u0161\u00ed eparchi\u00e1lny biskup Peter Rusn\u00e1k.<\/p>\n<p><a href=\"https:\/\/www.vaticannews.va\/sk\/papez\/news\/2026-03\/papez-lev-xiv-vymenoval-milana-lacha-za-bratislavskeho-eparchu.html\">\u010c\u00edtaj cel\u00e9<\/a><\/p>\n<p>\u00a0<\/p>","protected":false},"excerpt":{"rendered":"<p>V piatok 6. marca p\u00e1pe\u017e Lev XIV. vymenoval Milana Lacha, S.I., za biskupa Bratislavskej eparchie pre katol\u00edkov byzantsk\u00e9ho obradu na Slovensku. Doteraz p\u00f4sobil ako titul\u00e1rny biskup Ostracine, pomocn\u00fd biskup tej istej eparchie a apo\u0161tolsk\u00fd vizit\u00e1tor pre slovensk\u00fdch gr\u00e9ckokatol\u00edkov \u017eij\u00facich v z\u00e1padnej Eur\u00f3pe. Sv\u00e4t\u00fd Otec z\u00e1rove\u0148 prijal rezign\u00e1ciu na pastora\u010dn\u00e9 vedenie Bratislavskej eparchie pre veriacich byzantsk\u00e9ho [&hellip;]<\/p>\n","protected":false},"author":1,"featured_media":0,"comment_status":"closed","ping_status":"closed","sticky":false,"template":"","format":"standard","meta":{"ngg_post_thumbnail":0,"footnotes":""},"categories":[31],"tags":[],"class_list":["post-63136","post","type-post","status-publish","format-standard","hentry","category-spravy-z-vatikanu"],"views":7,"_links":{"self":[{"href":"https:\/\/www.farnost-strazske.sk\/index.php?rest_route=\/wp\/v2\/posts\/63136","targetHints":{"allow":["GET"]}}],"collection":[{"href":"https:\/\/www.farnost-strazske.sk\/index.php?rest_route=\/wp\/v2\/posts"}],"about":[{"href":"https:\/\/www.farnost-strazske.sk\/index.php?rest_route=\/wp\/v2\/types\/post"}],"author":[{"embeddable":true,"href":"https:\/\/www.farnost-strazske.sk\/index.php?rest_route=\/wp\/v2\/users\/1"}],"replies":[{"embeddable":true,"href":"https:\/\/www.farnost-strazske.sk\/index.php?rest_route=%2Fwp%2Fv2%2Fcomments&post=63136"}],"version-history":[{"count":0,"href":"https:\/\/www.farnost-strazske.sk\/index.php?rest_route=\/wp\/v2\/posts\/63136\/revisions"}],"wp:attachment":[{"href":"https:\/\/www.farnost-strazske.sk\/index.php?rest_route=%2Fwp%2Fv2%2Fmedia&parent=63136"}],"wp:term":[{"taxonomy":"category","embeddable":true,"href":"https:\/\/www.farnost-strazske.sk\/index.php?rest_route=%2Fwp%2Fv2%2Fcategories&post=63136"},{"taxonomy":"post_tag","embeddable":true,"href":"https:\/\/www.farnost-strazske.sk\/index.php?rest_route=%2Fwp%2Fv2%2Ftags&post=63136"}],"curies":[{"name":"wp","href":"https:\/\/api.w.org\/{rel}","templated":true}]}}