{"id":63148,"date":"2026-03-09T14:54:00","date_gmt":"2026-03-09T14:54:00","guid":{"rendered":"https:\/\/www.farnost-strazske.sk\/?p=63148"},"modified":"2026-03-09T14:54:00","modified_gmt":"2026-03-09T14:54:00","slug":"svaty-otec-prijal-clenov-predsednictva-bosny-a-hercegoviny","status":"publish","type":"post","link":"https:\/\/www.farnost-strazske.sk\/?p=63148","title":{"rendered":"Sv\u00e4t\u00fd Otec prijal \u010dlenov predsedn\u00edctva Bosny a Hercegoviny"},"content":{"rendered":"<p>V pondelok 9. marca prijal p\u00e1pe\u017e Lev XIV. na audiencii \u010dlenov predsedn\u00edctva Bosny a Hercegoviny &#8211; rotuj\u00faceho predsedu \u017deljka Kom\u0161i\u0107a, Denisa Be\u0107irovi\u0107a a \u017deljku Cvijanovi\u0107ov\u00fa. \u010clenovia predsedn\u00edctva sa n\u00e1sledne stretli s arcibiskupom Paulom Richardom Gallagherom, sekret\u00e1rom pre vz\u0165ahy so \u0161t\u00e1tmi a medzin\u00e1rodn\u00fdmi organiz\u00e1ciami.<\/p>\n<p><a href=\"https:\/\/www.vaticannews.va\/sk\/papez\/news\/2026-03\/svaty-otec-prijal-clenov-predsednictva-bosny-a-hercegoviny.html\">\u010c\u00edtaj cel\u00e9<\/a><\/p>\n<p>\u00a0<\/p>","protected":false},"excerpt":{"rendered":"<p>V pondelok 9. marca prijal p\u00e1pe\u017e Lev XIV. na audiencii \u010dlenov predsedn\u00edctva Bosny a Hercegoviny &#8211; rotuj\u00faceho predsedu \u017deljka Kom\u0161i\u0107a, Denisa Be\u0107irovi\u0107a a \u017deljku Cvijanovi\u0107ov\u00fa. \u010clenovia predsedn\u00edctva sa n\u00e1sledne stretli s arcibiskupom Paulom Richardom Gallagherom, sekret\u00e1rom pre vz\u0165ahy so \u0161t\u00e1tmi a medzin\u00e1rodn\u00fdmi organiz\u00e1ciami. \u010c\u00edtaj cel\u00e9 \u00a0<\/p>\n","protected":false},"author":1,"featured_media":0,"comment_status":"closed","ping_status":"closed","sticky":false,"template":"","format":"standard","meta":{"ngg_post_thumbnail":0,"footnotes":""},"categories":[31],"tags":[],"class_list":["post-63148","post","type-post","status-publish","format-standard","hentry","category-spravy-z-vatikanu"],"views":8,"_links":{"self":[{"href":"https:\/\/www.farnost-strazske.sk\/index.php?rest_route=\/wp\/v2\/posts\/63148","targetHints":{"allow":["GET"]}}],"collection":[{"href":"https:\/\/www.farnost-strazske.sk\/index.php?rest_route=\/wp\/v2\/posts"}],"about":[{"href":"https:\/\/www.farnost-strazske.sk\/index.php?rest_route=\/wp\/v2\/types\/post"}],"author":[{"embeddable":true,"href":"https:\/\/www.farnost-strazske.sk\/index.php?rest_route=\/wp\/v2\/users\/1"}],"replies":[{"embeddable":true,"href":"https:\/\/www.farnost-strazske.sk\/index.php?rest_route=%2Fwp%2Fv2%2Fcomments&post=63148"}],"version-history":[{"count":0,"href":"https:\/\/www.farnost-strazske.sk\/index.php?rest_route=\/wp\/v2\/posts\/63148\/revisions"}],"wp:attachment":[{"href":"https:\/\/www.farnost-strazske.sk\/index.php?rest_route=%2Fwp%2Fv2%2Fmedia&parent=63148"}],"wp:term":[{"taxonomy":"category","embeddable":true,"href":"https:\/\/www.farnost-strazske.sk\/index.php?rest_route=%2Fwp%2Fv2%2Fcategories&post=63148"},{"taxonomy":"post_tag","embeddable":true,"href":"https:\/\/www.farnost-strazske.sk\/index.php?rest_route=%2Fwp%2Fv2%2Ftags&post=63148"}],"curies":[{"name":"wp","href":"https:\/\/api.w.org\/{rel}","templated":true}]}}