{"id":63149,"date":"2026-03-09T12:14:00","date_gmt":"2026-03-09T12:14:00","guid":{"rendered":"https:\/\/www.farnost-strazske.sk\/?p=63149"},"modified":"2026-03-09T12:14:00","modified_gmt":"2026-03-09T12:14:00","slug":"zverejnili-motto-logo-a-program-apostolskej-cesty-papeza-leva-xiv-do-monaka","status":"publish","type":"post","link":"https:\/\/www.farnost-strazske.sk\/?p=63149","title":{"rendered":"Zverejnili motto, logo a program apo\u0161tolskej cesty p\u00e1pe\u017ea Leva XIV. do Monaka"},"content":{"rendered":"<p>Vatik\u00e1n zverejnil motto, logo a ofici\u00e1lny program apo\u0161tolskej cesty p\u00e1pe\u017ea Leva XIV. do Monack\u00e9ho knie\u017eatstva, ktor\u00e1 sa uskuto\u010dn\u00ed v sobotu 28. marca 2026. Program jednod\u0148ovej n\u00e1v\u0161tevy zah\u0155\u0148a stretnutie s knie\u017ea\u0165om Monaka, modlitbu s miestnou katol\u00edckou komunitou, stretnutie s mlad\u00fdmi a katechumenmi a sl\u00e1venie sv\u00e4tej om\u0161e.<\/p>\n<p><a href=\"https:\/\/www.vaticannews.va\/sk\/papez\/news\/2026-03\/zverejnili-motto-logo-a-program-apostolskej-cesty-papeza-leva.html\">\u010c\u00edtaj cel\u00e9<\/a><\/p>\n<p>\u00a0<\/p>","protected":false},"excerpt":{"rendered":"<p>Vatik\u00e1n zverejnil motto, logo a ofici\u00e1lny program apo\u0161tolskej cesty p\u00e1pe\u017ea Leva XIV. do Monack\u00e9ho knie\u017eatstva, ktor\u00e1 sa uskuto\u010dn\u00ed v sobotu 28. marca 2026. Program jednod\u0148ovej n\u00e1v\u0161tevy zah\u0155\u0148a stretnutie s knie\u017ea\u0165om Monaka, modlitbu s miestnou katol\u00edckou komunitou, stretnutie s mlad\u00fdmi a katechumenmi a sl\u00e1venie sv\u00e4tej om\u0161e. \u010c\u00edtaj cel\u00e9 \u00a0<\/p>\n","protected":false},"author":1,"featured_media":0,"comment_status":"closed","ping_status":"closed","sticky":false,"template":"","format":"standard","meta":{"ngg_post_thumbnail":0,"footnotes":""},"categories":[31],"tags":[],"class_list":["post-63149","post","type-post","status-publish","format-standard","hentry","category-spravy-z-vatikanu"],"views":10,"_links":{"self":[{"href":"https:\/\/www.farnost-strazske.sk\/index.php?rest_route=\/wp\/v2\/posts\/63149","targetHints":{"allow":["GET"]}}],"collection":[{"href":"https:\/\/www.farnost-strazske.sk\/index.php?rest_route=\/wp\/v2\/posts"}],"about":[{"href":"https:\/\/www.farnost-strazske.sk\/index.php?rest_route=\/wp\/v2\/types\/post"}],"author":[{"embeddable":true,"href":"https:\/\/www.farnost-strazske.sk\/index.php?rest_route=\/wp\/v2\/users\/1"}],"replies":[{"embeddable":true,"href":"https:\/\/www.farnost-strazske.sk\/index.php?rest_route=%2Fwp%2Fv2%2Fcomments&post=63149"}],"version-history":[{"count":0,"href":"https:\/\/www.farnost-strazske.sk\/index.php?rest_route=\/wp\/v2\/posts\/63149\/revisions"}],"wp:attachment":[{"href":"https:\/\/www.farnost-strazske.sk\/index.php?rest_route=%2Fwp%2Fv2%2Fmedia&parent=63149"}],"wp:term":[{"taxonomy":"category","embeddable":true,"href":"https:\/\/www.farnost-strazske.sk\/index.php?rest_route=%2Fwp%2Fv2%2Fcategories&post=63149"},{"taxonomy":"post_tag","embeddable":true,"href":"https:\/\/www.farnost-strazske.sk\/index.php?rest_route=%2Fwp%2Fv2%2Ftags&post=63149"}],"curies":[{"name":"wp","href":"https:\/\/api.w.org\/{rel}","templated":true}]}}