{"id":63150,"date":"2026-03-09T11:14:00","date_gmt":"2026-03-09T11:14:00","guid":{"rendered":"https:\/\/www.farnost-strazske.sk\/?p=63150"},"modified":"2026-03-09T11:14:00","modified_gmt":"2026-03-09T11:14:00","slug":"rim-hostil-medzinarodny-kurz-papezskych-misijnych-diel-nechybali-ani-slovenky","status":"publish","type":"post","link":"https:\/\/www.farnost-strazske.sk\/?p=63150","title":{"rendered":"R\u00edm hostil medzin\u00e1rodn\u00fd kurz P\u00e1pe\u017esk\u00fdch misijn\u00fdch diel, nech\u00fdbali ani Slovenky"},"content":{"rendered":"<p>Z\u00e1stupkyne P\u00e1pe\u017esk\u00fdch misijn\u00fdch diel na Slovensku Katar\u00edna \u010euri\u0161ov\u00e1 a Eli\u0161ka Beniakov\u00e1 sa minul\u00fd t\u00fd\u017ede\u0148 z\u00fa\u010dastnili medzin\u00e1rodn\u00e9ho forma\u010dn\u00e9ho kurzu pre pracovn\u00edkov n\u00e1rodn\u00fdch riadite\u013estiev P\u00e1pe\u017esk\u00fdch misijn\u00fdch diel, ktor\u00fd sa konal v R\u00edme. Stretnutie s n\u00e1zvom Evanjeliz\u00e1cia v 360\u00b0 pripravila P\u00e1pe\u017esk\u00e1 misijn\u00e1 \u00fania pri Dikast\u00e9riu pre evanjeliz\u00e1ciu.<\/p>\n<p><a href=\"https:\/\/www.vaticannews.va\/sk\/cirkev\/news\/2026-03\/rim-hostil-medzinarodny-kurz-papezskych-misijnych-diel.html\">\u010c\u00edtaj cel\u00e9<\/a><\/p>\n<p>\u00a0<\/p>","protected":false},"excerpt":{"rendered":"<p>Z\u00e1stupkyne P\u00e1pe\u017esk\u00fdch misijn\u00fdch diel na Slovensku Katar\u00edna \u010euri\u0161ov\u00e1 a Eli\u0161ka Beniakov\u00e1 sa minul\u00fd t\u00fd\u017ede\u0148 z\u00fa\u010dastnili medzin\u00e1rodn\u00e9ho forma\u010dn\u00e9ho kurzu pre pracovn\u00edkov n\u00e1rodn\u00fdch riadite\u013estiev P\u00e1pe\u017esk\u00fdch misijn\u00fdch diel, ktor\u00fd sa konal v R\u00edme. Stretnutie s n\u00e1zvom Evanjeliz\u00e1cia v 360\u00b0 pripravila P\u00e1pe\u017esk\u00e1 misijn\u00e1 \u00fania pri Dikast\u00e9riu pre evanjeliz\u00e1ciu. \u010c\u00edtaj cel\u00e9 \u00a0<\/p>\n","protected":false},"author":1,"featured_media":0,"comment_status":"closed","ping_status":"closed","sticky":false,"template":"","format":"standard","meta":{"ngg_post_thumbnail":0,"footnotes":""},"categories":[31],"tags":[],"class_list":["post-63150","post","type-post","status-publish","format-standard","hentry","category-spravy-z-vatikanu"],"views":11,"_links":{"self":[{"href":"https:\/\/www.farnost-strazske.sk\/index.php?rest_route=\/wp\/v2\/posts\/63150","targetHints":{"allow":["GET"]}}],"collection":[{"href":"https:\/\/www.farnost-strazske.sk\/index.php?rest_route=\/wp\/v2\/posts"}],"about":[{"href":"https:\/\/www.farnost-strazske.sk\/index.php?rest_route=\/wp\/v2\/types\/post"}],"author":[{"embeddable":true,"href":"https:\/\/www.farnost-strazske.sk\/index.php?rest_route=\/wp\/v2\/users\/1"}],"replies":[{"embeddable":true,"href":"https:\/\/www.farnost-strazske.sk\/index.php?rest_route=%2Fwp%2Fv2%2Fcomments&post=63150"}],"version-history":[{"count":0,"href":"https:\/\/www.farnost-strazske.sk\/index.php?rest_route=\/wp\/v2\/posts\/63150\/revisions"}],"wp:attachment":[{"href":"https:\/\/www.farnost-strazske.sk\/index.php?rest_route=%2Fwp%2Fv2%2Fmedia&parent=63150"}],"wp:term":[{"taxonomy":"category","embeddable":true,"href":"https:\/\/www.farnost-strazske.sk\/index.php?rest_route=%2Fwp%2Fv2%2Fcategories&post=63150"},{"taxonomy":"post_tag","embeddable":true,"href":"https:\/\/www.farnost-strazske.sk\/index.php?rest_route=%2Fwp%2Fv2%2Ftags&post=63150"}],"curies":[{"name":"wp","href":"https:\/\/api.w.org\/{rel}","templated":true}]}}