{"id":63151,"date":"2026-03-09T11:08:00","date_gmt":"2026-03-09T11:08:00","guid":{"rendered":"https:\/\/www.farnost-strazske.sk\/?p=63151"},"modified":"2026-03-09T11:08:00","modified_gmt":"2026-03-09T11:08:00","slug":"svaty-otec-pripomenul-medzinarodny-den-zien-a-vyzval-k-modlitbe-za-mier-na-blizkom-vychode","status":"publish","type":"post","link":"https:\/\/www.farnost-strazske.sk\/?p=63151","title":{"rendered":"Sv\u00e4t\u00fd Otec pripomenul Medzin\u00e1rodn\u00fd de\u0148 \u017eien a vyzval k modlitbe za mier na Bl\u00edzkom v\u00fdchode"},"content":{"rendered":"<p>Po modlitbe Anjel P\u00e1na v nede\u013eu 8. marca p\u00e1pe\u017e Lev XIV. pripomenul Medzin\u00e1rodn\u00fd de\u0148 \u017eien a vyzval k re\u0161pektovaniu rovnakej d\u00f4stojnosti mu\u017ea a \u017eeny. Z\u00e1rove\u0148 vyjadril hlbok\u00e9 znepokojenie nad spr\u00e1vami z Ir\u00e1nu a Bl\u00edzkeho v\u00fdchodu a pozval veriacich k modlitbe za mier, aby ut\u00edchli zbrane a otvoril sa priestor pre dial\u00f3g.<\/p>\n<p><a href=\"https:\/\/www.vaticannews.va\/sk\/papez\/news\/2026-03\/svaty-otec-pripomenul-medzinarodny-den-zien-a-vyzval-k-modlitbe.html\">\u010c\u00edtaj cel\u00e9<\/a><\/p>\n<p>\u00a0<\/p>","protected":false},"excerpt":{"rendered":"<p>Po modlitbe Anjel P\u00e1na v nede\u013eu 8. marca p\u00e1pe\u017e Lev XIV. pripomenul Medzin\u00e1rodn\u00fd de\u0148 \u017eien a vyzval k re\u0161pektovaniu rovnakej d\u00f4stojnosti mu\u017ea a \u017eeny. Z\u00e1rove\u0148 vyjadril hlbok\u00e9 znepokojenie nad spr\u00e1vami z Ir\u00e1nu a Bl\u00edzkeho v\u00fdchodu a pozval veriacich k modlitbe za mier, aby ut\u00edchli zbrane a otvoril sa priestor pre dial\u00f3g. \u010c\u00edtaj cel\u00e9 \u00a0<\/p>\n","protected":false},"author":1,"featured_media":0,"comment_status":"closed","ping_status":"closed","sticky":false,"template":"","format":"standard","meta":{"ngg_post_thumbnail":0,"footnotes":""},"categories":[31],"tags":[],"class_list":["post-63151","post","type-post","status-publish","format-standard","hentry","category-spravy-z-vatikanu"],"views":11,"_links":{"self":[{"href":"https:\/\/www.farnost-strazske.sk\/index.php?rest_route=\/wp\/v2\/posts\/63151","targetHints":{"allow":["GET"]}}],"collection":[{"href":"https:\/\/www.farnost-strazske.sk\/index.php?rest_route=\/wp\/v2\/posts"}],"about":[{"href":"https:\/\/www.farnost-strazske.sk\/index.php?rest_route=\/wp\/v2\/types\/post"}],"author":[{"embeddable":true,"href":"https:\/\/www.farnost-strazske.sk\/index.php?rest_route=\/wp\/v2\/users\/1"}],"replies":[{"embeddable":true,"href":"https:\/\/www.farnost-strazske.sk\/index.php?rest_route=%2Fwp%2Fv2%2Fcomments&post=63151"}],"version-history":[{"count":0,"href":"https:\/\/www.farnost-strazske.sk\/index.php?rest_route=\/wp\/v2\/posts\/63151\/revisions"}],"wp:attachment":[{"href":"https:\/\/www.farnost-strazske.sk\/index.php?rest_route=%2Fwp%2Fv2%2Fmedia&parent=63151"}],"wp:term":[{"taxonomy":"category","embeddable":true,"href":"https:\/\/www.farnost-strazske.sk\/index.php?rest_route=%2Fwp%2Fv2%2Fcategories&post=63151"},{"taxonomy":"post_tag","embeddable":true,"href":"https:\/\/www.farnost-strazske.sk\/index.php?rest_route=%2Fwp%2Fv2%2Ftags&post=63151"}],"curies":[{"name":"wp","href":"https:\/\/api.w.org\/{rel}","templated":true}]}}